{"id":12906,"date":"2026-08-04T06:07:00","date_gmt":"2026-08-04T04:07:00","guid":{"rendered":"https:\/\/swjozefswiecie.pl\/?p=12906"},"modified":"2026-07-21T15:27:36","modified_gmt":"2026-07-21T13:27:36","slug":"wspomnienie-jana-marii-vianneya-patrona-kaplanow-2","status":"publish","type":"post","link":"https:\/\/swjozefswiecie.pl\/?p=12906","title":{"rendered":"Wspomnienie Jana Marii Vianneya \u2013 patrona kap\u0142an\u00f3w"},"content":{"rendered":"\n<figure class=\"wp-block-image aligncenter size-full\"><img fetchpriority=\"high\" decoding=\"async\" width=\"900\" height=\"492\" src=\"https:\/\/swjozefswiecie.pl\/wp-content\/uploads\/2025\/08\/hf-Jan-Maria-Vianney.jpg\" alt=\"\" class=\"wp-image-8871\" srcset=\"https:\/\/swjozefswiecie.pl\/wp-content\/uploads\/2025\/08\/hf-Jan-Maria-Vianney.jpg 900w, https:\/\/swjozefswiecie.pl\/wp-content\/uploads\/2025\/08\/hf-Jan-Maria-Vianney-300x164.jpg 300w, https:\/\/swjozefswiecie.pl\/wp-content\/uploads\/2025\/08\/hf-Jan-Maria-Vianney-768x420.jpg 768w\" sizes=\"(max-width: 900px) 100vw, 900px\" \/><\/figure>\n\n\n\n<p>Ksi\u0119dzu Proboszczowi oraz Ksi\u0119\u017com Wsp\u00f3\u0142pracownikom z okazji wspomnienia \u015bw. Jana Marii Vianneya, patrona kap\u0142an\u00f3w, sk\u0142adamy szczere i serdeczne podzi\u0119kowania za to wszystko, co czyni\u0105 dla nas \u015bwieckich, dla naszych rodzin, dla Polski, dla Ko\u015bcio\u0142a.\u017byczymy wiele dobra i rado\u015bci z pracy duszpasterskiej, uznania i \u017cyczliwo\u015bci od wiernych, a przede wszystkim \u0142ask Ducha \u015awi\u0119tego i ogromu Bo\u017cej Mi\u0142o\u015bci.<\/p>\n","protected":false},"excerpt":{"rendered":"<p>Ksi\u0119dzu Proboszczowi oraz Ksi\u0119\u017com Wsp\u00f3\u0142pracownikom z okazji wspomnienia \u015bw. Jana Marii Vianneya, patrona kap\u0142an\u00f3w, sk\u0142adamy szczere i serdeczne podzi\u0119kowania za to wszystko, co czyni\u0105 dla nas \u015bwieckich, dla naszych rodzin, dla Polski, dla Ko\u015bcio\u0142a.\u017byczymy wiele dobra i rado\u015bci z pracy duszpasterskiej, uznania i \u017cyczliwo\u015bci od wiernych, a przede wszystkim \u0142ask Ducha \u015awi\u0119tego i ogromu Bo\u017cej [&hellip;]<\/p>\n","protected":false},"author":2,"featured_media":8871,"comment_status":"closed","ping_status":"closed","sticky":false,"template":"","format":"standard","meta":{"_acf_changed":false,"_price":"","_stock":"","_tribe_ticket_header":"","_tribe_default_ticket_provider":"","_ticket_start_date":"","_ticket_end_date":"","_tribe_ticket_show_description":"","_tribe_ticket_show_not_going":false,"_tribe_ticket_use_global_stock":"","_tribe_ticket_global_stock_level":"","_global_stock_mode":"","_global_stock_cap":"","_tribe_rsvp_for_event":"","_tribe_ticket_going_count":"","_tribe_ticket_not_going_count":"","_tribe_tickets_list":"[]","_tribe_ticket_has_attendee_info_fields":false,"footnotes":""},"categories":[54],"tags":[],"class_list":["post-12906","post","type-post","status-publish","format-standard","has-post-thumbnail","hentry","category-aktualnosci"],"acf":[],"aioseo_notices":[],"_links":{"self":[{"href":"https:\/\/swjozefswiecie.pl\/index.php?rest_route=\/wp\/v2\/posts\/12906","targetHints":{"allow":["GET"]}}],"collection":[{"href":"https:\/\/swjozefswiecie.pl\/index.php?rest_route=\/wp\/v2\/posts"}],"about":[{"href":"https:\/\/swjozefswiecie.pl\/index.php?rest_route=\/wp\/v2\/types\/post"}],"author":[{"embeddable":true,"href":"https:\/\/swjozefswiecie.pl\/index.php?rest_route=\/wp\/v2\/users\/2"}],"replies":[{"embeddable":true,"href":"https:\/\/swjozefswiecie.pl\/index.php?rest_route=%2Fwp%2Fv2%2Fcomments&post=12906"}],"version-history":[{"count":1,"href":"https:\/\/swjozefswiecie.pl\/index.php?rest_route=\/wp\/v2\/posts\/12906\/revisions"}],"predecessor-version":[{"id":12907,"href":"https:\/\/swjozefswiecie.pl\/index.php?rest_route=\/wp\/v2\/posts\/12906\/revisions\/12907"}],"wp:featuredmedia":[{"embeddable":true,"href":"https:\/\/swjozefswiecie.pl\/index.php?rest_route=\/wp\/v2\/media\/8871"}],"wp:attachment":[{"href":"https:\/\/swjozefswiecie.pl\/index.php?rest_route=%2Fwp%2Fv2%2Fmedia&parent=12906"}],"wp:term":[{"taxonomy":"category","embeddable":true,"href":"https:\/\/swjozefswiecie.pl\/index.php?rest_route=%2Fwp%2Fv2%2Fcategories&post=12906"},{"taxonomy":"post_tag","embeddable":true,"href":"https:\/\/swjozefswiecie.pl\/index.php?rest_route=%2Fwp%2Fv2%2Ftags&post=12906"}],"curies":[{"name":"wp","href":"https:\/\/api.w.org\/{rel}","templated":true}]}}