{"id":12917,"date":"2026-08-13T21:16:00","date_gmt":"2026-08-13T19:16:00","guid":{"rendered":"https:\/\/swjozefswiecie.pl\/?p=12917"},"modified":"2026-07-21T15:17:56","modified_gmt":"2026-07-21T13:17:56","slug":"z-dalekiej-fatimy-7","status":"publish","type":"post","link":"https:\/\/swjozefswiecie.pl\/?p=12917","title":{"rendered":"Z dalekiej Fatimy\u2026"},"content":{"rendered":"\n<figure class=\"wp-block-image aligncenter size-large\"><img fetchpriority=\"high\" decoding=\"async\" width=\"1024\" height=\"768\" src=\"https:\/\/swjozefswiecie.pl\/wp-content\/uploads\/2026\/07\/1000147183-1024x768.jpg\" alt=\"\" class=\"wp-image-12863\" srcset=\"https:\/\/swjozefswiecie.pl\/wp-content\/uploads\/2026\/07\/1000147183-1024x768.jpg 1024w, https:\/\/swjozefswiecie.pl\/wp-content\/uploads\/2026\/07\/1000147183-300x225.jpg 300w, https:\/\/swjozefswiecie.pl\/wp-content\/uploads\/2026\/07\/1000147183-768x576.jpg 768w, https:\/\/swjozefswiecie.pl\/wp-content\/uploads\/2026\/07\/1000147183-1536x1152.jpg 1536w, https:\/\/swjozefswiecie.pl\/wp-content\/uploads\/2026\/07\/1000147183.jpg 2048w\" sizes=\"(max-width: 1024px) 100vw, 1024px\" \/><\/figure>\n\n\n\n<p>13 maja 1917 r. w Fatimie objawi\u0142a si\u0119 Matka Bo\u017ca tr\u00f3jce dzieci: \u0141ucji, Hiacyncie i Franciszkowi. Maryja wzywa\u0142a m. in. do nawr\u00f3cenia, odmawiania r\u00f3\u017ca\u0144ca, do modlitwy o pok\u00f3j.<\/p>\n\n\n\n<p>W naszej parafii nabo\u017ce\u0144stwo fatimskie i procesja ze \u015bwiecami odby\u0142o si\u0119 o godz. 20:00, kt\u00f3remu przewodniczy\u0142 ks. Arkadiusz. Dzi\u0119kujemy wszystkim za dar wsp\u00f3lnej modlitwy.<\/p>\n","protected":false},"excerpt":{"rendered":"<p>13 maja 1917 r. w Fatimie objawi\u0142a si\u0119 Matka Bo\u017ca tr\u00f3jce dzieci: \u0141ucji, Hiacyncie i Franciszkowi. Maryja wzywa\u0142a m. in. do nawr\u00f3cenia, odmawiania r\u00f3\u017ca\u0144ca, do modlitwy o pok\u00f3j. W naszej parafii nabo\u017ce\u0144stwo fatimskie i procesja ze \u015bwiecami odby\u0142o si\u0119 o godz. 20:00, kt\u00f3remu przewodniczy\u0142 ks. Arkadiusz. Dzi\u0119kujemy wszystkim za dar wsp\u00f3lnej modlitwy.<\/p>\n","protected":false},"author":2,"featured_media":12863,"comment_status":"closed","ping_status":"closed","sticky":false,"template":"","format":"standard","meta":{"_acf_changed":false,"_price":"","_stock":"","_tribe_ticket_header":"","_tribe_default_ticket_provider":"","_ticket_start_date":"","_ticket_end_date":"","_tribe_ticket_show_description":"","_tribe_ticket_show_not_going":false,"_tribe_ticket_use_global_stock":"","_tribe_ticket_global_stock_level":"","_global_stock_mode":"","_global_stock_cap":"","_tribe_rsvp_for_event":"","_tribe_ticket_going_count":"","_tribe_ticket_not_going_count":"","_tribe_tickets_list":"[]","_tribe_ticket_has_attendee_info_fields":false,"footnotes":""},"categories":[54],"tags":[],"class_list":["post-12917","post","type-post","status-publish","format-standard","has-post-thumbnail","hentry","category-aktualnosci"],"acf":[],"aioseo_notices":[],"_links":{"self":[{"href":"https:\/\/swjozefswiecie.pl\/index.php?rest_route=\/wp\/v2\/posts\/12917","targetHints":{"allow":["GET"]}}],"collection":[{"href":"https:\/\/swjozefswiecie.pl\/index.php?rest_route=\/wp\/v2\/posts"}],"about":[{"href":"https:\/\/swjozefswiecie.pl\/index.php?rest_route=\/wp\/v2\/types\/post"}],"author":[{"embeddable":true,"href":"https:\/\/swjozefswiecie.pl\/index.php?rest_route=\/wp\/v2\/users\/2"}],"replies":[{"embeddable":true,"href":"https:\/\/swjozefswiecie.pl\/index.php?rest_route=%2Fwp%2Fv2%2Fcomments&post=12917"}],"version-history":[{"count":1,"href":"https:\/\/swjozefswiecie.pl\/index.php?rest_route=\/wp\/v2\/posts\/12917\/revisions"}],"predecessor-version":[{"id":12918,"href":"https:\/\/swjozefswiecie.pl\/index.php?rest_route=\/wp\/v2\/posts\/12917\/revisions\/12918"}],"wp:featuredmedia":[{"embeddable":true,"href":"https:\/\/swjozefswiecie.pl\/index.php?rest_route=\/wp\/v2\/media\/12863"}],"wp:attachment":[{"href":"https:\/\/swjozefswiecie.pl\/index.php?rest_route=%2Fwp%2Fv2%2Fmedia&parent=12917"}],"wp:term":[{"taxonomy":"category","embeddable":true,"href":"https:\/\/swjozefswiecie.pl\/index.php?rest_route=%2Fwp%2Fv2%2Fcategories&post=12917"},{"taxonomy":"post_tag","embeddable":true,"href":"https:\/\/swjozefswiecie.pl\/index.php?rest_route=%2Fwp%2Fv2%2Ftags&post=12917"}],"curies":[{"name":"wp","href":"https:\/\/api.w.org\/{rel}","templated":true}]}}