{"id":12933,"date":"2026-07-23T09:40:22","date_gmt":"2026-07-23T07:40:22","guid":{"rendered":"https:\/\/swjozefswiecie.pl\/?p=12933"},"modified":"2026-07-23T09:40:25","modified_gmt":"2026-07-23T07:40:25","slug":"ii-nabor-do-wyzszego-seminarium-duchownego-w-pelplinie","status":"publish","type":"post","link":"https:\/\/swjozefswiecie.pl\/?p=12933","title":{"rendered":"II nab\u00f3r do Wy\u017cszego Seminarium Duchownego w Pelplinie"},"content":{"rendered":"\n<p>Wy\u017csze Seminarium Duchowne Diecezji Pelpli\u0144skiej zaprasza m\u0142odych m\u0119\u017cczyzn, kt\u00f3rzy rozpoznaj\u0105 w sobie powo\u0142anie do kap\u0142a\u0144stwa, do rozpocz\u0119cia formacji i studi\u00f3w w pelpli\u0144skim seminarium, kt\u00f3re jest cz\u0119\u015bci\u0105 Wydzia\u0142u Teologicznego Uniwersytetu Miko\u0142aja Kopernika w Toruniu.<\/p>\n\n\n\n<p>Kandydaci, w tym r\u00f3wnie\u017c tegoroczni maturzy\u015bci, proszeni s\u0105 o zg\u0142oszenie si\u0119 do 15 wrze\u015bnia 2026 r. na rozmow\u0119 kwalifikacyjn\u0105 (um\u00f3wion\u0105 wcze\u015bniej telefonicznie \u2013 tel. 505 073 221) oraz o z\u0142o\u017cenie w Rektoracie Seminarium odpowiednich dokument\u00f3w.<\/p>\n\n\n\n<p>Szczeg\u00f3\u0142owe informacje na temat warunk\u00f3w przyj\u0119cia s\u0105 podane na stronie internetowej <a href=\"http:\/\/seminariumpelplin.pl\/\" rel=\"noreferrer noopener\" target=\"_blank\">seminariumpelplin.pl.<\/a><\/p>\n\n\n\n<figure class=\"wp-block-image aligncenter size-large\"><img fetchpriority=\"high\" decoding=\"async\" width=\"738\" height=\"1024\" src=\"https:\/\/swjozefswiecie.pl\/wp-content\/uploads\/2026\/04\/1tura2627jpg-scaled-1-738x1024.jpg\" alt=\"\" class=\"wp-image-12025\" srcset=\"https:\/\/swjozefswiecie.pl\/wp-content\/uploads\/2026\/04\/1tura2627jpg-scaled-1-738x1024.jpg 738w, https:\/\/swjozefswiecie.pl\/wp-content\/uploads\/2026\/04\/1tura2627jpg-scaled-1-216x300.jpg 216w, https:\/\/swjozefswiecie.pl\/wp-content\/uploads\/2026\/04\/1tura2627jpg-scaled-1-768x1066.jpg 768w, https:\/\/swjozefswiecie.pl\/wp-content\/uploads\/2026\/04\/1tura2627jpg-scaled-1-1106x1536.jpg 1106w, https:\/\/swjozefswiecie.pl\/wp-content\/uploads\/2026\/04\/1tura2627jpg-scaled-1-1475x2048.jpg 1475w, https:\/\/swjozefswiecie.pl\/wp-content\/uploads\/2026\/04\/1tura2627jpg-scaled-1.jpg 1844w\" sizes=\"(max-width: 738px) 100vw, 738px\" \/><\/figure>\n","protected":false},"excerpt":{"rendered":"<p>Wy\u017csze Seminarium Duchowne Diecezji Pelpli\u0144skiej zaprasza m\u0142odych m\u0119\u017cczyzn, kt\u00f3rzy rozpoznaj\u0105 w sobie powo\u0142anie do kap\u0142a\u0144stwa, do rozpocz\u0119cia formacji i studi\u00f3w w pelpli\u0144skim seminarium, kt\u00f3re jest cz\u0119\u015bci\u0105 Wydzia\u0142u Teologicznego Uniwersytetu Miko\u0142aja Kopernika w Toruniu. Kandydaci, w tym r\u00f3wnie\u017c tegoroczni maturzy\u015bci, proszeni s\u0105 o zg\u0142oszenie si\u0119 do 15 wrze\u015bnia 2026 r. na rozmow\u0119 kwalifikacyjn\u0105 (um\u00f3wion\u0105 wcze\u015bniej telefonicznie [&hellip;]<\/p>\n","protected":false},"author":2,"featured_media":12934,"comment_status":"closed","ping_status":"closed","sticky":false,"template":"","format":"standard","meta":{"_acf_changed":false,"_price":"","_stock":"","_tribe_ticket_header":"","_tribe_default_ticket_provider":"","_ticket_start_date":"","_ticket_end_date":"","_tribe_ticket_show_description":"","_tribe_ticket_show_not_going":false,"_tribe_ticket_use_global_stock":"","_tribe_ticket_global_stock_level":"","_global_stock_mode":"","_global_stock_cap":"","_tribe_rsvp_for_event":"","_tribe_ticket_going_count":"","_tribe_ticket_not_going_count":"","_tribe_tickets_list":"[]","_tribe_ticket_has_attendee_info_fields":false,"footnotes":""},"categories":[54],"tags":[],"class_list":["post-12933","post","type-post","status-publish","format-standard","has-post-thumbnail","hentry","category-aktualnosci"],"acf":[],"aioseo_notices":[],"_links":{"self":[{"href":"https:\/\/swjozefswiecie.pl\/index.php?rest_route=\/wp\/v2\/posts\/12933","targetHints":{"allow":["GET"]}}],"collection":[{"href":"https:\/\/swjozefswiecie.pl\/index.php?rest_route=\/wp\/v2\/posts"}],"about":[{"href":"https:\/\/swjozefswiecie.pl\/index.php?rest_route=\/wp\/v2\/types\/post"}],"author":[{"embeddable":true,"href":"https:\/\/swjozefswiecie.pl\/index.php?rest_route=\/wp\/v2\/users\/2"}],"replies":[{"embeddable":true,"href":"https:\/\/swjozefswiecie.pl\/index.php?rest_route=%2Fwp%2Fv2%2Fcomments&post=12933"}],"version-history":[{"count":1,"href":"https:\/\/swjozefswiecie.pl\/index.php?rest_route=\/wp\/v2\/posts\/12933\/revisions"}],"predecessor-version":[{"id":12935,"href":"https:\/\/swjozefswiecie.pl\/index.php?rest_route=\/wp\/v2\/posts\/12933\/revisions\/12935"}],"wp:featuredmedia":[{"embeddable":true,"href":"https:\/\/swjozefswiecie.pl\/index.php?rest_route=\/wp\/v2\/media\/12934"}],"wp:attachment":[{"href":"https:\/\/swjozefswiecie.pl\/index.php?rest_route=%2Fwp%2Fv2%2Fmedia&parent=12933"}],"wp:term":[{"taxonomy":"category","embeddable":true,"href":"https:\/\/swjozefswiecie.pl\/index.php?rest_route=%2Fwp%2Fv2%2Fcategories&post=12933"},{"taxonomy":"post_tag","embeddable":true,"href":"https:\/\/swjozefswiecie.pl\/index.php?rest_route=%2Fwp%2Fv2%2Ftags&post=12933"}],"curies":[{"name":"wp","href":"https:\/\/api.w.org\/{rel}","templated":true}]}}