{"id":12967,"date":"2026-07-27T12:20:02","date_gmt":"2026-07-27T10:20:02","guid":{"rendered":"https:\/\/swjozefswiecie.pl\/?p=12967"},"modified":"2026-07-27T12:59:22","modified_gmt":"2026-07-27T10:59:22","slug":"final-przedpielgrzymkowego-cyklu-radia-glos-grupa-swiecie-gotowa-do-drogi","status":"publish","type":"post","link":"https:\/\/swjozefswiecie.pl\/?p=12967","title":{"rendered":"Fina\u0142 przedpielgrzymkowego cyklu Radia G\u0142os. Grupa \u015awiecie gotowa do drogi!"},"content":{"rendered":"\n<p><strong>Wielkimi krokami zbli\u017ca si\u0119 Piesza Pielgrzymka Diecezji Pelpli\u0144skiej na Jasn\u0105 G\u00f3r\u0119 (Grupa L\u0119borska \u2013 jedna z promienistych w Grupie Kaszubskiej rusza ju\u017c jutro, 28 lipca). Na antenie Radia G\u0142os ko\u0144czymy nasz g\u0142\u00f3wny cykl przedpielgrzymkowy. W sz\u00f3stej audycji go\u015bcili\u015bmy w studiu reprezentacj\u0119 Grupy \u015awiecie. Rozmawiali\u015bmy o trudach trasy, sile wsp\u00f3lnoty oraz pracy, kt\u00f3rej na pierwszy rzut oka nie wida\u0107.<\/strong><\/p>\n\n\n\n<p>Ju\u017c we wtorek na p\u0105tniczy szlak wyruszy pierwsza grupa z naszej diecezji \u2013 Grupa L\u0119borska, do kt\u00f3rej wkr\u00f3tce do\u0142\u0105cz\u0105 Kaszubi. Tymczasem w naszym studiu go\u015bcili\u015bmy osoby odpowiedzialne za organizacj\u0119 i bezpiecze\u0144stwo Grupy \u015awiecie: ks. Jana Lubi\u0144skiego \u2013 debiutuj\u0105cego w roli ksi\u0119dza przewodnika grupy; Juli\u0119 \u2013 odpowiedzialn\u0105 za s\u0142u\u017cb\u0119 medialn\u0105 i sekretariat; \u0141ukasza \u2013 weterana s\u0142u\u017cby porz\u0105dkowej i medycznej z 17-letnim sta\u017cem.<\/p>\n\n\n\n<p>Czym Grupa \u015awiecie wyr\u00f3\u017cnia si\u0119 na tle innych? Jak przyznaje ks. Jan Lubi\u0144ski, jej najwi\u0119kszym atutem jest kameralno\u015b\u0107. Z racji mniejszej liczby uczestnik\u00f3w, pielgrzymka przebiega w nieco spokojniejszej atmosferze.<\/p>\n\n\n\n<p>\u201e<em>Nasza grupa pozwala na znacznie bli\u017csze poznanie si\u0119 ze wszystkimi. Na postojach jeste\u015bmy w stanie zrobi\u0107 kanapki dla ka\u017cdego p\u0105tnika, co w grupach licz\u0105cych kilkaset os\u00f3b by\u0142oby ogromnym wyzwaniem<\/em>\u201d \u2013 podkre\u015bla ksi\u0105dz przewodnik.<\/p>\n\n\n\n<p>W mniejszym gronie \u0142atwiej o g\u0142\u0119bokie relacje, budowanie poczucia jedno\u015bci i wsp\u00f3ln\u0105, szczer\u0105 modlitw\u0119, kt\u00f3ra nadaje rytm ka\u017cdemu dniu marszu.<\/p>\n\n\n\n<p>Za ka\u017cdym krokiem pielgrzym\u00f3w stoi ogromna praca logistyczna. Julia, pe\u0142ni\u0105ca funkcj\u0119 s\u0142u\u017cby medialnej, dba o to, by \u015bwiat wiedzia\u0142, co dzieje si\u0119 na szlaku. Jej praca, cz\u0119sto wykonywana po cichu, obejmuje tak\u017ce pomoc w sekretariacie \u2013 od zapis\u00f3w po kwestie organizacyjne. To dzi\u0119ki takim osobom ca\u0142e zaplecze dzia\u0142a bez zarzutu.<\/p>\n\n\n\n<p>Z kolei nad bezpiecze\u0144stwem i zdrowiem czuwa \u0141ukasz. Pielgrzymowanie to nie tylko duchowe uniesienia, ale te\u017c fizyczny wysi\u0142ek i nieprzewidziane zdarzenia. \u0141ukasz wspomina swoje pierwsze do\u015bwiadczenia sprzed 17 lat, kiedy to wypadek jednego z p\u0105tnik\u00f3w pod Toruniem zako\u0144czy\u0142 si\u0119 interwencj\u0105 medyczn\u0105. Cho\u0107 by\u0142o to trudne prze\u017cycie, nie zrazi\u0142o go to do dalszej pos\u0142ugi. Dzi\u015b, dzi\u0119ki rosn\u0105cej \u015bwiadomo\u015bci kierowc\u00f3w zawodowych, wypadk\u00f3w z udzia\u0142em aut ci\u0119\u017carowych udaje si\u0119 na szcz\u0119\u015bcie unika\u0107, cho\u0107 praca &#8220;kierowaniem ruchem&#8221; nadal wymaga stalowych nerw\u00f3w i ogromnej odpowiedzialno\u015bci.<\/p>\n\n\n\n<p>Pielgrzymka to do\u015bwiadczenie, kt\u00f3rego nie da si\u0119 por\u00f3wna\u0107 z \u017cadn\u0105 inn\u0105 form\u0105 sp\u0119dzania czasu. Jak zauwa\u017ca ks. Jan, \u0142\u0105czy ona ogromny trud z niewyobra\u017caln\u0105 rado\u015bci\u0105.<\/p>\n\n\n\n<p>Wspominaj\u0105c swoj\u0105 pierwsz\u0105 pielgrzymk\u0119 z Grup\u0105 Chojnick\u0105, ksi\u0105dz przewodnik przyzna\u0142, \u017ce ju\u017c drugiego dnia jego stopy by\u0142y w tak tragicznym stanie, \u017ce rozwa\u017ca\u0142 rezygnacj\u0119. To w\u0142a\u015bnie wsp\u00f3lnota, \u015bpiew i modlitwa w intencjach niesionych do Cz\u0119stochowy da\u0142y mu si\u0142\u0119, by p\u00f3j\u015b\u0107 dalej i przekroczy\u0107 w\u0142asne ludzkie granice.<\/p>\n\n\n\n<p>Dla wielu p\u0105tnik\u00f3w najci\u0119\u017csze s\u0105 pierwsze dni. Wyj\u015bcie z domu, zmiana trybu \u017cycia i pierwszy powa\u017cny kryzys fizyczny to momenty, w kt\u00f3rych trzeba zebra\u0107 wszystkie si\u0142y i po prostu zrobi\u0107 kolejny krok \u2013 maj\u0105c w sercu cel, jakim jest Jasna G\u00f3ra.<\/p>\n\n\n\n<p>Naszych go\u015bci zapytali\u015bmy, czego najbardziej potrzebuj\u0105 podczas zbli\u017caj\u0105cej si\u0119 drogi: wytrwa\u0142o\u015bci i odczytywania woli Bo\u017cej \u2013 by nawet w b\u00f3lu widzie\u0107 g\u0142\u0119bszy sens (ks. Jan); otwartego serca \u2013 na drugiego cz\u0142owieka i na wsp\u00f3lnot\u0119 (Julia); cierpliwo\u015bci \u2013 zar\u00f3wno do w\u0142asnych s\u0142abo\u015bci, jak i do kierowc\u00f3w na trudnych, ruchliwych odcinkach tras (\u0141ukasz).<\/p>\n\n\n\n<p>My do\u0142\u0105czamy si\u0119 do tych \u017cycze\u0144, \u017cycz\u0105c dodatkowo sprzyjaj\u0105cej pogody i bezpiecznego dotarcia przed Oblicze Czarnej Madonny!<\/p>\n\n\n\n<p>UWAGA \u2013 TO NIE KONIEC! JUTRO JESZCZE JEDEN ODCINEK!<\/p>\n\n\n\n<p>Cho\u0107 dzisiejsza audycja z Grup\u0105 \u015awiecie zamyka nasz g\u0142\u00f3wny cykl rozm\u00f3w z grupami pieszymi, mamy dla Was niespodziank\u0119!<\/p>\n\n\n\n<p>Ju\u017c jutro (we wtorek) zapraszamy na specjalny, bonusowy odcinek. Naszym go\u015bciem b\u0119dzie ks. dr Tomasz Syldatk, kt\u00f3ry wyruszy na Jasn\u0105 G\u00f3r\u0119 ju\u017c w przysz\u0142ym tygodniu, ale&#8230; w pielgrzymce rowerowej!<\/p>\n\n\n<p><iframe width=\"1336\" height=\"752\" src=\"https:\/\/www.youtube.com\/embed\/AGptFnnTAMs\" title=\"Fina\u0142 przedpielgrzymkowego cyklu Radia G\u0142os. Grupa \u015awiecie gotowa do drogi!\" frameborder=\"0\" allow=\"accelerometer; autoplay; clipboard-write; encrypted-media; gyroscope; picture-in-picture; web-share\" referrerpolicy=\"strict-origin-when-cross-origin\" allowfullscreen><\/iframe><\/p>\n","protected":false},"excerpt":{"rendered":"<p>Wielkimi krokami zbli\u017ca si\u0119 Piesza Pielgrzymka Diecezji Pelpli\u0144skiej na Jasn\u0105 G\u00f3r\u0119 (Grupa L\u0119borska \u2013 jedna z promienistych w Grupie Kaszubskiej rusza ju\u017c jutro, 28 lipca). Na antenie Radia G\u0142os ko\u0144czymy nasz g\u0142\u00f3wny cykl przedpielgrzymkowy. W sz\u00f3stej audycji go\u015bcili\u015bmy w studiu reprezentacj\u0119 Grupy \u015awiecie. Rozmawiali\u015bmy o trudach trasy, sile wsp\u00f3lnoty oraz pracy, kt\u00f3rej na pierwszy rzut [&hellip;]<\/p>\n","protected":false},"author":2,"featured_media":12968,"comment_status":"closed","ping_status":"closed","sticky":false,"template":"","format":"standard","meta":{"_acf_changed":false,"_price":"","_stock":"","_tribe_ticket_header":"","_tribe_default_ticket_provider":"","_ticket_start_date":"","_ticket_end_date":"","_tribe_ticket_show_description":"","_tribe_ticket_show_not_going":false,"_tribe_ticket_use_global_stock":"","_tribe_ticket_global_stock_level":"","_global_stock_mode":"","_global_stock_cap":"","_tribe_rsvp_for_event":"","_tribe_ticket_going_count":"","_tribe_ticket_not_going_count":"","_tribe_tickets_list":"[]","_tribe_ticket_has_attendee_info_fields":false,"footnotes":""},"categories":[54],"tags":[],"class_list":["post-12967","post","type-post","status-publish","format-standard","has-post-thumbnail","hentry","category-aktualnosci"],"acf":[],"aioseo_notices":[],"_links":{"self":[{"href":"https:\/\/swjozefswiecie.pl\/index.php?rest_route=\/wp\/v2\/posts\/12967","targetHints":{"allow":["GET"]}}],"collection":[{"href":"https:\/\/swjozefswiecie.pl\/index.php?rest_route=\/wp\/v2\/posts"}],"about":[{"href":"https:\/\/swjozefswiecie.pl\/index.php?rest_route=\/wp\/v2\/types\/post"}],"author":[{"embeddable":true,"href":"https:\/\/swjozefswiecie.pl\/index.php?rest_route=\/wp\/v2\/users\/2"}],"replies":[{"embeddable":true,"href":"https:\/\/swjozefswiecie.pl\/index.php?rest_route=%2Fwp%2Fv2%2Fcomments&post=12967"}],"version-history":[{"count":2,"href":"https:\/\/swjozefswiecie.pl\/index.php?rest_route=\/wp\/v2\/posts\/12967\/revisions"}],"predecessor-version":[{"id":12970,"href":"https:\/\/swjozefswiecie.pl\/index.php?rest_route=\/wp\/v2\/posts\/12967\/revisions\/12970"}],"wp:featuredmedia":[{"embeddable":true,"href":"https:\/\/swjozefswiecie.pl\/index.php?rest_route=\/wp\/v2\/media\/12968"}],"wp:attachment":[{"href":"https:\/\/swjozefswiecie.pl\/index.php?rest_route=%2Fwp%2Fv2%2Fmedia&parent=12967"}],"wp:term":[{"taxonomy":"category","embeddable":true,"href":"https:\/\/swjozefswiecie.pl\/index.php?rest_route=%2Fwp%2Fv2%2Fcategories&post=12967"},{"taxonomy":"post_tag","embeddable":true,"href":"https:\/\/swjozefswiecie.pl\/index.php?rest_route=%2Fwp%2Fv2%2Ftags&post=12967"}],"curies":[{"name":"wp","href":"https:\/\/api.w.org\/{rel}","templated":true}]}}