{"id":12971,"date":"2026-07-28T09:12:00","date_gmt":"2026-07-28T07:12:00","guid":{"rendered":"https:\/\/swjozefswiecie.pl\/?p=12971"},"modified":"2026-07-27T13:17:30","modified_gmt":"2026-07-27T11:17:30","slug":"odezwa-biskupa-pelplinskiego-przed-35-piesza-pielgrzymka-diecezji-pelplinskiej-na-jasna-gore","status":"publish","type":"post","link":"https:\/\/swjozefswiecie.pl\/?p=12971","title":{"rendered":"Odezwa Biskupa Pelpli\u0144skiego przed 35. Piesz\u0105 Pielgrzymk\u0105 Diecezji Pelpli\u0144skiej na Jasn\u0105 G\u00f3r\u0119"},"content":{"rendered":"\n<p>\u201eWsta\u0144, id\u017a i g\u0142o\u015b&#8221; \u2014 trzy s\u0142owa, kt\u00f3re potrafi\u0105 zmieni\u0107 kierunek \u017cycia.\u00a0 Sta\u0142y si\u0119 has\u0142em 35. Pieszej Pielgrzymki Diecezji Pelpli\u0144skiej na Jasn\u0105 G\u00f3r\u0119.<\/p>\n\n\n\n<p>Drodzy Bracia i Siostry, ka\u017cdy z nas niesie rado\u015bci, pytania i ci\u0119\u017cary, kt\u00f3rych inni nie widz\u0105. Chrystusowi nasze \u017cycie nigdy nie jest oboj\u0119tne \u2014 wychodzi nam naprzeciw,\u00a0aby przemieni\u0107 serce. Pielgrzymka to nie same kilometry, lecz spotkanie naszego szukania z uprzedzaj\u0105c\u0105 mi\u0142o\u015bci\u0105 Boga: czas modlitwy, Eucharystii i pojednania, w kt\u00f3rym wielu odnajduje pok\u00f3j serca i odnowienie wiary.<\/p>\n\n\n\n<p>Nie wyruszamy sami. To droga hojno\u015bci i go\u015bcinno\u015bci tych, kt\u00f3rzy od lat otwieraj\u0105 domy i serca dla p\u0105tnik\u00f3w. Prowadzi nas Maryja, kt\u00f3ra nie zatrzymuje uwagi na sobie,\u00a0lecz zawsze wskazuje Jezusa.<\/p>\n\n\n\n<p>Zapraszam wszystkich: m\u0142odych, ma\u0142\u017conk\u00f3w i rodzic\u00f3w, ludzi dojrza\u0142ych, a tak\u017ce tych, kt\u00f3rzy w\u0105tpi\u0105 lub oddalili si\u0119 od Boga. By\u0107 mo\u017ce ta droga stanie si\u0119 pocz\u0105tkiem nowego rozdzia\u0142u.<\/p>\n\n\n\n<p>Wyruszy pi\u0119\u0107 grup: Kaszubska, Chojnicka, Tczewska, Kociewska i \u015awiecka; szczeg\u00f3\u0142y znajdziecie na stronie diecezji, w mediach spo\u0142eczno\u015bciowych i u swoich duszpasterzy. Zwie\u0144czeniem drogi b\u0119dzie Msza \u015awi\u0119ta na Wa\u0142ach Jasnog\u00f3rskich,\u00a013 sierpnia o godz. 11.30, pod przewodnictwem biskupa pomocniczego Przemys\u0142awa Szulca.<\/p>\n\n\n\n<p>Chorych, starszych i zatrzymanych obowi\u0105zkami prosz\u0119 o modlitw\u0119 i duchowe towarzyszenie \u2014 to prawdziwy udzia\u0142 w pielgrzymce. Wszystkim p\u0105tnikom, gospodarzom, organizatorom i dobroczy\u0144com z serca b\u0142ogos\u0142awi\u0119.<\/p>\n\n\n\n<p>Wsta\u0144. Id\u017a. G\u0142o\u015b.<\/p>\n\n\n\n<p class=\"has-text-align-right\">+ Ryszard Kasyna<\/p>\n\n\n\n<p class=\"has-text-align-right\">Biskup Pelpli\u0144ski<\/p>\n","protected":false},"excerpt":{"rendered":"<p>\u201eWsta\u0144, id\u017a i g\u0142o\u015b&#8221; \u2014 trzy s\u0142owa, kt\u00f3re potrafi\u0105 zmieni\u0107 kierunek \u017cycia.\u00a0 Sta\u0142y si\u0119 has\u0142em 35. Pieszej Pielgrzymki Diecezji Pelpli\u0144skiej na Jasn\u0105 G\u00f3r\u0119. Drodzy Bracia i Siostry, ka\u017cdy z nas niesie rado\u015bci, pytania i ci\u0119\u017cary, kt\u00f3rych inni nie widz\u0105. Chrystusowi nasze \u017cycie nigdy nie jest oboj\u0119tne \u2014 wychodzi nam naprzeciw,\u00a0aby przemieni\u0107 serce. Pielgrzymka to nie [&hellip;]<\/p>\n","protected":false},"author":2,"featured_media":7574,"comment_status":"closed","ping_status":"closed","sticky":false,"template":"","format":"standard","meta":{"_acf_changed":false,"_price":"","_stock":"","_tribe_ticket_header":"","_tribe_default_ticket_provider":"","_ticket_start_date":"","_ticket_end_date":"","_tribe_ticket_show_description":"","_tribe_ticket_show_not_going":false,"_tribe_ticket_use_global_stock":"","_tribe_ticket_global_stock_level":"","_global_stock_mode":"","_global_stock_cap":"","_tribe_rsvp_for_event":"","_tribe_ticket_going_count":"","_tribe_ticket_not_going_count":"","_tribe_tickets_list":"[]","_tribe_ticket_has_attendee_info_fields":false,"footnotes":""},"categories":[54],"tags":[],"class_list":["post-12971","post","type-post","status-publish","format-standard","has-post-thumbnail","hentry","category-aktualnosci"],"acf":[],"aioseo_notices":[],"_links":{"self":[{"href":"https:\/\/swjozefswiecie.pl\/index.php?rest_route=\/wp\/v2\/posts\/12971","targetHints":{"allow":["GET"]}}],"collection":[{"href":"https:\/\/swjozefswiecie.pl\/index.php?rest_route=\/wp\/v2\/posts"}],"about":[{"href":"https:\/\/swjozefswiecie.pl\/index.php?rest_route=\/wp\/v2\/types\/post"}],"author":[{"embeddable":true,"href":"https:\/\/swjozefswiecie.pl\/index.php?rest_route=\/wp\/v2\/users\/2"}],"replies":[{"embeddable":true,"href":"https:\/\/swjozefswiecie.pl\/index.php?rest_route=%2Fwp%2Fv2%2Fcomments&post=12971"}],"version-history":[{"count":1,"href":"https:\/\/swjozefswiecie.pl\/index.php?rest_route=\/wp\/v2\/posts\/12971\/revisions"}],"predecessor-version":[{"id":12972,"href":"https:\/\/swjozefswiecie.pl\/index.php?rest_route=\/wp\/v2\/posts\/12971\/revisions\/12972"}],"wp:featuredmedia":[{"embeddable":true,"href":"https:\/\/swjozefswiecie.pl\/index.php?rest_route=\/wp\/v2\/media\/7574"}],"wp:attachment":[{"href":"https:\/\/swjozefswiecie.pl\/index.php?rest_route=%2Fwp%2Fv2%2Fmedia&parent=12971"}],"wp:term":[{"taxonomy":"category","embeddable":true,"href":"https:\/\/swjozefswiecie.pl\/index.php?rest_route=%2Fwp%2Fv2%2Fcategories&post=12971"},{"taxonomy":"post_tag","embeddable":true,"href":"https:\/\/swjozefswiecie.pl\/index.php?rest_route=%2Fwp%2Fv2%2Ftags&post=12971"}],"curies":[{"name":"wp","href":"https:\/\/api.w.org\/{rel}","templated":true}]}}