{"id":12973,"date":"2026-07-29T09:15:30","date_gmt":"2026-07-29T07:15:30","guid":{"rendered":"https:\/\/swjozefswiecie.pl\/?p=12973"},"modified":"2026-07-29T09:15:32","modified_gmt":"2026-07-29T07:15:32","slug":"poszukujemy-noclegow-dla-pielgrzymow-z-gdyni","status":"publish","type":"post","link":"https:\/\/swjozefswiecie.pl\/?p=12973","title":{"rendered":"Poszukujemy nocleg\u00f3w dla pielgrzym\u00f3w z Gdyni"},"content":{"rendered":"\n<figure class=\"wp-block-image aligncenter size-large\"><img fetchpriority=\"high\" decoding=\"async\" width=\"1024\" height=\"393\" src=\"https:\/\/swjozefswiecie.pl\/wp-content\/uploads\/2026\/07\/logo-1024x393.png\" alt=\"\" class=\"wp-image-12974\" srcset=\"https:\/\/swjozefswiecie.pl\/wp-content\/uploads\/2026\/07\/logo-1024x393.png 1024w, https:\/\/swjozefswiecie.pl\/wp-content\/uploads\/2026\/07\/logo-300x115.png 300w, https:\/\/swjozefswiecie.pl\/wp-content\/uploads\/2026\/07\/logo-768x295.png 768w, https:\/\/swjozefswiecie.pl\/wp-content\/uploads\/2026\/07\/logo-1536x590.png 1536w, https:\/\/swjozefswiecie.pl\/wp-content\/uploads\/2026\/07\/logo.png 2023w\" sizes=\"(max-width: 1024px) 100vw, 1024px\" \/><\/figure>\n\n\n\n<p>Tradycyjnie ju\u017c w naszej parafii, 31 lipca tj. w pi\u0105tek, zatrzyma si\u0119 na noclegu Piesza Pielgrzymka z Gdyni, id\u0105ca na Jasn\u0105 G\u00f3r\u0119. P\u0105tnicy na miejscu b\u0119d\u0105 ok. godz. 17.25. Jak co roku chcemy przyj\u0105\u0107 i ugo\u015bci\u0107 pielgrzym\u00f3w w naszych domach, aby nabrali si\u0142 do dalszego pielgrzymowania. Zwracamy si\u0119 do Was drodzy parafianie o otwarcie swoich dom\u00f3w i przyj\u0119cie go\u015bci. <\/p>\n\n\n\n<p>Swoj\u0105 gotowo\u015b\u0107 ugoszczenia pielgrzym\u00f3w mo\u017cna zg\u0142asza\u0107 w biurze parafialnym, osobi\u015bcie lub telefonicznie w godz. urz\u0119dowania.<\/p>\n","protected":false},"excerpt":{"rendered":"<p>Tradycyjnie ju\u017c w naszej parafii, 31 lipca tj. w pi\u0105tek, zatrzyma si\u0119 na noclegu Piesza Pielgrzymka z Gdyni, id\u0105ca na Jasn\u0105 G\u00f3r\u0119. P\u0105tnicy na miejscu b\u0119d\u0105 ok. godz. 17.25. Jak co roku chcemy przyj\u0105\u0107 i ugo\u015bci\u0107 pielgrzym\u00f3w w naszych domach, aby nabrali si\u0142 do dalszego pielgrzymowania. Zwracamy si\u0119 do Was drodzy parafianie o otwarcie swoich [&hellip;]<\/p>\n","protected":false},"author":2,"featured_media":12975,"comment_status":"closed","ping_status":"closed","sticky":false,"template":"","format":"standard","meta":{"_acf_changed":false,"_price":"","_stock":"","_tribe_ticket_header":"","_tribe_default_ticket_provider":"","_ticket_start_date":"","_ticket_end_date":"","_tribe_ticket_show_description":"","_tribe_ticket_show_not_going":false,"_tribe_ticket_use_global_stock":"","_tribe_ticket_global_stock_level":"","_global_stock_mode":"","_global_stock_cap":"","_tribe_rsvp_for_event":"","_tribe_ticket_going_count":"","_tribe_ticket_not_going_count":"","_tribe_tickets_list":"[]","_tribe_ticket_has_attendee_info_fields":false,"footnotes":""},"categories":[54],"tags":[],"class_list":["post-12973","post","type-post","status-publish","format-standard","has-post-thumbnail","hentry","category-aktualnosci"],"acf":[],"aioseo_notices":[],"_links":{"self":[{"href":"https:\/\/swjozefswiecie.pl\/index.php?rest_route=\/wp\/v2\/posts\/12973","targetHints":{"allow":["GET"]}}],"collection":[{"href":"https:\/\/swjozefswiecie.pl\/index.php?rest_route=\/wp\/v2\/posts"}],"about":[{"href":"https:\/\/swjozefswiecie.pl\/index.php?rest_route=\/wp\/v2\/types\/post"}],"author":[{"embeddable":true,"href":"https:\/\/swjozefswiecie.pl\/index.php?rest_route=\/wp\/v2\/users\/2"}],"replies":[{"embeddable":true,"href":"https:\/\/swjozefswiecie.pl\/index.php?rest_route=%2Fwp%2Fv2%2Fcomments&post=12973"}],"version-history":[{"count":1,"href":"https:\/\/swjozefswiecie.pl\/index.php?rest_route=\/wp\/v2\/posts\/12973\/revisions"}],"predecessor-version":[{"id":12976,"href":"https:\/\/swjozefswiecie.pl\/index.php?rest_route=\/wp\/v2\/posts\/12973\/revisions\/12976"}],"wp:featuredmedia":[{"embeddable":true,"href":"https:\/\/swjozefswiecie.pl\/index.php?rest_route=\/wp\/v2\/media\/12975"}],"wp:attachment":[{"href":"https:\/\/swjozefswiecie.pl\/index.php?rest_route=%2Fwp%2Fv2%2Fmedia&parent=12973"}],"wp:term":[{"taxonomy":"category","embeddable":true,"href":"https:\/\/swjozefswiecie.pl\/index.php?rest_route=%2Fwp%2Fv2%2Fcategories&post=12973"},{"taxonomy":"post_tag","embeddable":true,"href":"https:\/\/swjozefswiecie.pl\/index.php?rest_route=%2Fwp%2Fv2%2Ftags&post=12973"}],"curies":[{"name":"wp","href":"https:\/\/api.w.org\/{rel}","templated":true}]}}