{"id":12981,"date":"2026-07-30T18:54:32","date_gmt":"2026-07-30T16:54:32","guid":{"rendered":"https:\/\/swjozefswiecie.pl\/?p=12981"},"modified":"2026-07-30T18:54:36","modified_gmt":"2026-07-30T16:54:36","slug":"w-nowym-numerze-pielgrzyma","status":"publish","type":"post","link":"https:\/\/swjozefswiecie.pl\/?p=12981","title":{"rendered":"W nowym numerze &#8220;Pielgrzyma&#8221;"},"content":{"rendered":"\n<figure class=\"wp-block-image aligncenter size-large\"><img fetchpriority=\"high\" decoding=\"async\" width=\"1024\" height=\"627\" src=\"https:\/\/swjozefswiecie.pl\/wp-content\/uploads\/2026\/07\/Pielgrzym11-1024x627.jpg\" alt=\"\" class=\"wp-image-12982\" srcset=\"https:\/\/swjozefswiecie.pl\/wp-content\/uploads\/2026\/07\/Pielgrzym11-1024x627.jpg 1024w, https:\/\/swjozefswiecie.pl\/wp-content\/uploads\/2026\/07\/Pielgrzym11-300x184.jpg 300w, https:\/\/swjozefswiecie.pl\/wp-content\/uploads\/2026\/07\/Pielgrzym11-768x470.jpg 768w, https:\/\/swjozefswiecie.pl\/wp-content\/uploads\/2026\/07\/Pielgrzym11.jpg 1040w\" sizes=\"(max-width: 1024px) 100vw, 1024px\" \/><\/figure>\n\n\n\n<p><strong><em>Wsta\u0144, id\u017a i g\u0142o\u015b!<\/em><\/strong><strong> to temat najnowszego numeru \u201ePielgrzyma\u201d!<\/strong><\/p>\n\n\n\n<p>Trwaj\u0105 piesze pielgrzymki na Jasn\u0105 G\u00f3r\u0119. Dlatego \u201ePielgrzym\u201d idzie razem z p\u0105tnikami. W ich imieniu, o tym, co na szlaku opowiada <strong>ks. kan. dr Rafa\u0142 Barci\u0144ski<\/strong>, kt\u00f3ry zmierza do Matki Cz\u0119stochowskiej po raz 31.<\/p>\n\n\n\n<p><strong><em>Pelplin w roku jubileuszowym \u2013 spojrzenie zza kulis<\/em><\/strong> to wywiad z <strong>ks. \u0141ukaszem Pierowiczem<\/strong>, dyrektorem ds. gospodarczych Kurii.<\/p>\n\n\n\n<p><strong><em>Kaszuby to ziemia <strong><em>kobiet pracuj\u0105cych<\/em><\/strong><\/em><\/strong> to artyku\u0142 <strong>Szymona \u017burawskiego, <\/strong>kt\u00f3ry relacjonuje tegoroczne uroczysto\u015bci odpustowe w Sianowie.<\/p>\n\n\n\n<p>Pa\u0144stwo <strong>Marek i Hanna Marza\u0144scy<\/strong> dziel\u0105 si\u0119 <strong><em>Siedmioma tezami o sakramencie ma\u0142\u017ce\u0144stwa<\/em><\/strong>.<\/p>\n\n\n\n<p>Szczepowy <strong>Jerzy Ba\u0142dyga<\/strong> zach\u0119ca m\u0142odych do formacji w <strong>Skautach Europy<\/strong>.<\/p>\n\n\n\n<p><strong>Jonasz<\/strong> tym razem pisze o <strong><em>Miesi\u0105cach maryjnych<\/em><\/strong>, a <strong>ks. Andrzej Patrzyk\u0105t<\/strong>, notariusz Kurii, przybli\u017cy sylwetk\u0119 niedawno zmar\u0142ego <strong>ks. Piotra Grabowskiego<\/strong>, proboszcza z Miechucina.<\/p>\n\n\n\n<p><strong>Dr Wincenty \u0141aszewski<\/strong> ukazuje, w jaki spos\u00f3b <strong>o. Maksymilian Maria Kolbe<\/strong> zosta\u0142 nazwany w obozie \u201epanem\u201d, a <strong>dr Jan Hlebowicz<\/strong> komentuje spraw\u0119 <strong><em>Ludob\u00f3jczej ideologii<\/em> <\/strong>banderowskiej.<\/p>\n\n\n\n<p><strong><em>Kap\u0142an nie musi by\u0107 herosem<\/em><\/strong> \u2013 to artyku\u0142 <strong>ks. Bart\u0142omieja Labudy<\/strong>, duszpasterza os\u00f3b z niepe\u0142nosprawno\u015bciami.<\/p>\n\n\n\n<p><strong>Ks. prof. Augustyn Eckmann<\/strong> dzieli si\u0119 <strong><em>Obrazem ludzi starszych z typologii biblijnej u \u015bw. Augustyna<\/em><\/strong><em>. <\/em>Natomiast o szacunku wobec starszych w artykule <em><strong>B\u0119dziesz, kim jestem\u2026<\/strong> <\/em>wspomina Pani <strong>Anna Wardak<\/strong>.<\/p>\n\n\n\n<p>Pan <strong>S\u0142awek Walkowski<\/strong> opowiada o <strong><em>Szlachectwie na widelcu<\/em><\/strong>, czyli kr\u00f3tkiej historii dania, kt\u00f3re jest nasz\u0105 narodow\u0105 dum\u0105.<\/p>\n\n\n\n<p>Natomiast <strong>dr hab. Marcin Wirtwein <\/strong>podpowiada, jakie kroki podj\u0105\u0107 przy objawach owrzodze\u0144 \u017co\u0142\u0105dka, a Pan <strong>Wit Romanowski<\/strong> poleca <strong>cykori\u0119<\/strong>.<\/p>\n\n\n\n<p><strong>Nie przegapcie najnowszego \u201ePielgrzyma\u201d!<\/strong><\/p>\n","protected":false},"excerpt":{"rendered":"<p>Wsta\u0144, id\u017a i g\u0142o\u015b! to temat najnowszego numeru \u201ePielgrzyma\u201d! Trwaj\u0105 piesze pielgrzymki na Jasn\u0105 G\u00f3r\u0119. Dlatego \u201ePielgrzym\u201d idzie razem z p\u0105tnikami. W ich imieniu, o tym, co na szlaku opowiada ks. kan. dr Rafa\u0142 Barci\u0144ski, kt\u00f3ry zmierza do Matki Cz\u0119stochowskiej po raz 31. Pelplin w roku jubileuszowym \u2013 spojrzenie zza kulis to wywiad z ks. [&hellip;]<\/p>\n","protected":false},"author":2,"featured_media":12982,"comment_status":"closed","ping_status":"closed","sticky":false,"template":"","format":"standard","meta":{"_acf_changed":false,"_price":"","_stock":"","_tribe_ticket_header":"","_tribe_default_ticket_provider":"","_ticket_start_date":"","_ticket_end_date":"","_tribe_ticket_show_description":"","_tribe_ticket_show_not_going":false,"_tribe_ticket_use_global_stock":"","_tribe_ticket_global_stock_level":"","_global_stock_mode":"","_global_stock_cap":"","_tribe_rsvp_for_event":"","_tribe_ticket_going_count":"","_tribe_ticket_not_going_count":"","_tribe_tickets_list":"[]","_tribe_ticket_has_attendee_info_fields":false,"footnotes":""},"categories":[54],"tags":[],"class_list":["post-12981","post","type-post","status-publish","format-standard","has-post-thumbnail","hentry","category-aktualnosci"],"acf":[],"aioseo_notices":[],"_links":{"self":[{"href":"https:\/\/swjozefswiecie.pl\/index.php?rest_route=\/wp\/v2\/posts\/12981","targetHints":{"allow":["GET"]}}],"collection":[{"href":"https:\/\/swjozefswiecie.pl\/index.php?rest_route=\/wp\/v2\/posts"}],"about":[{"href":"https:\/\/swjozefswiecie.pl\/index.php?rest_route=\/wp\/v2\/types\/post"}],"author":[{"embeddable":true,"href":"https:\/\/swjozefswiecie.pl\/index.php?rest_route=\/wp\/v2\/users\/2"}],"replies":[{"embeddable":true,"href":"https:\/\/swjozefswiecie.pl\/index.php?rest_route=%2Fwp%2Fv2%2Fcomments&post=12981"}],"version-history":[{"count":1,"href":"https:\/\/swjozefswiecie.pl\/index.php?rest_route=\/wp\/v2\/posts\/12981\/revisions"}],"predecessor-version":[{"id":12983,"href":"https:\/\/swjozefswiecie.pl\/index.php?rest_route=\/wp\/v2\/posts\/12981\/revisions\/12983"}],"wp:featuredmedia":[{"embeddable":true,"href":"https:\/\/swjozefswiecie.pl\/index.php?rest_route=\/wp\/v2\/media\/12982"}],"wp:attachment":[{"href":"https:\/\/swjozefswiecie.pl\/index.php?rest_route=%2Fwp%2Fv2%2Fmedia&parent=12981"}],"wp:term":[{"taxonomy":"category","embeddable":true,"href":"https:\/\/swjozefswiecie.pl\/index.php?rest_route=%2Fwp%2Fv2%2Fcategories&post=12981"},{"taxonomy":"post_tag","embeddable":true,"href":"https:\/\/swjozefswiecie.pl\/index.php?rest_route=%2Fwp%2Fv2%2Ftags&post=12981"}],"curies":[{"name":"wp","href":"https:\/\/api.w.org\/{rel}","templated":true}]}}