{"id":12997,"date":"2026-08-01T17:29:01","date_gmt":"2026-08-01T15:29:01","guid":{"rendered":"https:\/\/swjozefswiecie.pl\/?p=12997"},"modified":"2026-08-01T17:29:47","modified_gmt":"2026-08-01T15:29:47","slug":"xviii-niedziela-zwykla-02-08-2026","status":"publish","type":"post","link":"https:\/\/swjozefswiecie.pl\/?p=12997","title":{"rendered":"XVIII Niedziela Zwyk\u0142a (02.08.2026)"},"content":{"rendered":"\n<p>Parafia rzymskokatolicka<\/p>\n\n\n\n<p><strong>pw. \u015bw. J\u00f3zefa<\/strong><\/p>\n\n\n\n<p>86-105\u015awiecie n. Wis\u0142\u0105, Ks. S. Krausego2<\/p>\n\n\n\n<p>tel: 52 331 32 30<\/p>\n\n\n\n<p>\u2014\u2014\u2014\u2014\u2014\u2014\u2014\u2014\u2014\u2014\u2014\u2014\u2014\u2014\u2014\u2014\u2014\u2014\u2014\u2014\u2014\u2014\u2014\u2014\u2014\u2014\u2014\u2014\u2014\u2014\u2014\u2014\u2014\u2014\u2014\u2014\u2014\u2014\u2014\u2014<\/p>\n\n\n\n<h5 class=\"wp-block-heading\">OG\u0141OSZENIA PARAFIALNE<\/h5>\n\n\n\n<p><strong>2 sierpnia 2026<\/strong><\/p>\n\n\n\n<p><strong>XVIII NIEDZIELA ZWYK\u0141A<\/strong><\/p>\n\n\n\n<ol class=\"wp-block-list\">\n<li>Bardzo serdecznie dzi\u0119kuj\u0119 wszystkim parafianom, kt\u00f3rzy ugo\u015bcili pielgrzym\u00f3w z Gdyni id\u0105cych na Jasn\u0105 G\u00f3r\u0119. B\u00f3g zap\u0142a\u0107 za okazan\u0105 go\u015bcinno\u015b\u0107.<\/li>\n\n\n\n<li>W II sobot\u0119 miesi\u0105ca 9 sierpnia o godz. 14.30 Msza \u015bw. i spotkanie Czcicieli Bo\u017cego Mi\u0142osierdzia.<\/li>\n\n\n\n<li>Po Mszy \u015bw. mo\u017cliwo\u015b\u0107 zakupienia nowego numeru Pielgrzyma.<\/li>\n\n\n\n<li>W I pi\u0105tek, 7 sierpnia okazja do spowiedzi \u015bw. od godz. 16.00-18.00. O godz. 16.30 Msza \u015bw.<\/li>\n\n\n\n<li>Ksi\u0105dz Arkadiusz swoich chorych odwiedzi w pi\u0105tek 7 sierpnia.<\/li>\n\n\n\n<li>Zapraszamy na Apel Jasnog\u00f3rski 4, 5 i 6 sierpnia o godz. 20.30. B\u0119dziemy modlili si\u0119 w intencji pielgrzym\u00f3w id\u0105cych na Jasn\u0105 G\u00f3r\u0119.<\/li>\n\n\n\n<li>Dzisiaj po Mszy \u015bw. o godz. 9.00 i 11.00 zapraszamy do naszej parafialnej kawiarenki.<\/li>\n<\/ol>\n","protected":false},"excerpt":{"rendered":"<p>Parafia rzymskokatolicka pw. \u015bw. J\u00f3zefa 86-105\u015awiecie n. Wis\u0142\u0105, Ks. S. Krausego2 tel: 52 331 32 30 \u2014\u2014\u2014\u2014\u2014\u2014\u2014\u2014\u2014\u2014\u2014\u2014\u2014\u2014\u2014\u2014\u2014\u2014\u2014\u2014\u2014\u2014\u2014\u2014\u2014\u2014\u2014\u2014\u2014\u2014\u2014\u2014\u2014\u2014\u2014\u2014\u2014\u2014\u2014\u2014 OG\u0141OSZENIA PARAFIALNE 2 sierpnia 2026 XVIII NIEDZIELA ZWYK\u0141A<\/p>\n","protected":false},"author":2,"featured_media":9300,"comment_status":"closed","ping_status":"closed","sticky":false,"template":"","format":"standard","meta":{"_acf_changed":false,"_price":"","_stock":"","_tribe_ticket_header":"","_tribe_default_ticket_provider":"","_ticket_start_date":"","_ticket_end_date":"","_tribe_ticket_show_description":"","_tribe_ticket_show_not_going":false,"_tribe_ticket_use_global_stock":"","_tribe_ticket_global_stock_level":"","_global_stock_mode":"","_global_stock_cap":"","_tribe_rsvp_for_event":"","_tribe_ticket_going_count":"","_tribe_ticket_not_going_count":"","_tribe_tickets_list":"[]","_tribe_ticket_has_attendee_info_fields":false,"footnotes":""},"categories":[54,47],"tags":[],"class_list":["post-12997","post","type-post","status-publish","format-standard","has-post-thumbnail","hentry","category-aktualnosci","category-ogloszenia-parafialne"],"acf":[],"aioseo_notices":[],"_links":{"self":[{"href":"https:\/\/swjozefswiecie.pl\/index.php?rest_route=\/wp\/v2\/posts\/12997","targetHints":{"allow":["GET"]}}],"collection":[{"href":"https:\/\/swjozefswiecie.pl\/index.php?rest_route=\/wp\/v2\/posts"}],"about":[{"href":"https:\/\/swjozefswiecie.pl\/index.php?rest_route=\/wp\/v2\/types\/post"}],"author":[{"embeddable":true,"href":"https:\/\/swjozefswiecie.pl\/index.php?rest_route=\/wp\/v2\/users\/2"}],"replies":[{"embeddable":true,"href":"https:\/\/swjozefswiecie.pl\/index.php?rest_route=%2Fwp%2Fv2%2Fcomments&post=12997"}],"version-history":[{"count":1,"href":"https:\/\/swjozefswiecie.pl\/index.php?rest_route=\/wp\/v2\/posts\/12997\/revisions"}],"predecessor-version":[{"id":12998,"href":"https:\/\/swjozefswiecie.pl\/index.php?rest_route=\/wp\/v2\/posts\/12997\/revisions\/12998"}],"wp:featuredmedia":[{"embeddable":true,"href":"https:\/\/swjozefswiecie.pl\/index.php?rest_route=\/wp\/v2\/media\/9300"}],"wp:attachment":[{"href":"https:\/\/swjozefswiecie.pl\/index.php?rest_route=%2Fwp%2Fv2%2Fmedia&parent=12997"}],"wp:term":[{"taxonomy":"category","embeddable":true,"href":"https:\/\/swjozefswiecie.pl\/index.php?rest_route=%2Fwp%2Fv2%2Fcategories&post=12997"},{"taxonomy":"post_tag","embeddable":true,"href":"https:\/\/swjozefswiecie.pl\/index.php?rest_route=%2Fwp%2Fv2%2Ftags&post=12997"}],"curies":[{"name":"wp","href":"https:\/\/api.w.org\/{rel}","templated":true}]}}