{"id":13009,"date":"2026-08-03T13:00:07","date_gmt":"2026-08-03T11:00:07","guid":{"rendered":"https:\/\/swjozefswiecie.pl\/?p=13009"},"modified":"2026-08-03T13:01:57","modified_gmt":"2026-08-03T11:01:57","slug":"wyruszyla-grupa-swiecie-wszyscy-pielgrzymi-diecezji-pelplinskiej-sa-juz-w-drodze-na-jasna-gore","status":"publish","type":"post","link":"https:\/\/swjozefswiecie.pl\/?p=13009","title":{"rendered":"Wyruszy\u0142a Grupa \u015awiecie. Wszyscy pielgrzymi diecezji pelpli\u0144skiej s\u0105 ju\u017c w drodze na Jasn\u0105 G\u00f3r\u0119"},"content":{"rendered":"\n<figure class=\"wp-block-image aligncenter size-large\"><img fetchpriority=\"high\" decoding=\"async\" width=\"1024\" height=\"681\" src=\"https:\/\/swjozefswiecie.pl\/wp-content\/uploads\/2026\/08\/image-1024x681.jpeg\" alt=\"\" class=\"wp-image-13012\" srcset=\"https:\/\/swjozefswiecie.pl\/wp-content\/uploads\/2026\/08\/image-1024x681.jpeg 1024w, https:\/\/swjozefswiecie.pl\/wp-content\/uploads\/2026\/08\/image-300x200.jpeg 300w, https:\/\/swjozefswiecie.pl\/wp-content\/uploads\/2026\/08\/image-768x511.jpeg 768w, https:\/\/swjozefswiecie.pl\/wp-content\/uploads\/2026\/08\/image.jpeg 1440w\" sizes=\"(max-width: 1024px) 100vw, 1024px\" \/><\/figure>\n\n\n\n<p>W niedziel\u0119, 2 sierpnia, po Mszy \u015awi\u0119tej sprawowanej w ko\u015bciele Matki Boskiej Cz\u0119stochowskiej w \u015awieciu, na jasnog\u00f3rski szlak wyruszyli p\u0105tnicy z Grupy \u015awiecie.<\/p>\n\n\n\n<p>Pielgrzymowanie stanowi doskona\u0142\u0105 okazj\u0119, by uczy\u0107 si\u0119 otwarto\u015bci, prze\u0142amywa\u0107 w\u0142asny egoizm i budowa\u0107 relacje oparte na mi\u0142o\u015bci, wsp\u00f3lnym \u015bpiewie, modlitwie, a tak\u017ce zwyk\u0142ej \u017cyczliwo\u015bci, objawiaj\u0105cej si\u0119 w u\u015bmiechu czy otarciu czyjej\u015b \u0142zy. Hierarcha zaapelowa\u0142 do p\u0105tnik\u00f3w, aby wzi\u0119li sobie g\u0142\u0119boko do serca wezwanie, by wsta\u0107, i\u015b\u0107 i g\u0142osi\u0107 Chrystusa nie tylko na szlaku, ale przede wszystkim po powrocie do swoich dom\u00f3w, miejsc pracy i szk\u00f3\u0142.Na zako\u0144czenie homilii biskup powierzy\u0142 wszystkich Maryi, prosz\u0105c J\u0105 o wypraszanie \u0142aski uwa\u017cnego s\u0142uchania Bo\u017cego s\u0142owa i codziennego wype\u0142niania woli Najwy\u017cszego, aby ka\u017cdy gest mi\u0142o\u015bci wobec bli\u017aniego stawa\u0142 si\u0119 w dzisiejszym \u015bwiecie autentycznym i odwa\u017cnym \u015bwiadectwem wiary.<\/p>\n","protected":false},"excerpt":{"rendered":"<p>W niedziel\u0119, 2 sierpnia, po Mszy \u015awi\u0119tej sprawowanej w ko\u015bciele Matki Boskiej Cz\u0119stochowskiej w \u015awieciu, na jasnog\u00f3rski szlak wyruszyli p\u0105tnicy z Grupy \u015awiecie. Pielgrzymowanie stanowi doskona\u0142\u0105 okazj\u0119, by uczy\u0107 si\u0119 otwarto\u015bci, prze\u0142amywa\u0107 w\u0142asny egoizm i budowa\u0107 relacje oparte na mi\u0142o\u015bci, wsp\u00f3lnym \u015bpiewie, modlitwie, a tak\u017ce zwyk\u0142ej \u017cyczliwo\u015bci, objawiaj\u0105cej si\u0119 w u\u015bmiechu czy otarciu czyjej\u015b \u0142zy. [&hellip;]<\/p>\n","protected":false},"author":2,"featured_media":13010,"comment_status":"closed","ping_status":"closed","sticky":false,"template":"","format":"standard","meta":{"_acf_changed":false,"_price":"","_stock":"","_tribe_ticket_header":"","_tribe_default_ticket_provider":"","_ticket_start_date":"","_ticket_end_date":"","_tribe_ticket_show_description":"","_tribe_ticket_show_not_going":false,"_tribe_ticket_use_global_stock":"","_tribe_ticket_global_stock_level":"","_global_stock_mode":"","_global_stock_cap":"","_tribe_rsvp_for_event":"","_tribe_ticket_going_count":"","_tribe_ticket_not_going_count":"","_tribe_tickets_list":"[]","_tribe_ticket_has_attendee_info_fields":false,"footnotes":""},"categories":[54],"tags":[],"class_list":["post-13009","post","type-post","status-publish","format-standard","has-post-thumbnail","hentry","category-aktualnosci"],"acf":[],"aioseo_notices":[],"_links":{"self":[{"href":"https:\/\/swjozefswiecie.pl\/index.php?rest_route=\/wp\/v2\/posts\/13009","targetHints":{"allow":["GET"]}}],"collection":[{"href":"https:\/\/swjozefswiecie.pl\/index.php?rest_route=\/wp\/v2\/posts"}],"about":[{"href":"https:\/\/swjozefswiecie.pl\/index.php?rest_route=\/wp\/v2\/types\/post"}],"author":[{"embeddable":true,"href":"https:\/\/swjozefswiecie.pl\/index.php?rest_route=\/wp\/v2\/users\/2"}],"replies":[{"embeddable":true,"href":"https:\/\/swjozefswiecie.pl\/index.php?rest_route=%2Fwp%2Fv2%2Fcomments&post=13009"}],"version-history":[{"count":2,"href":"https:\/\/swjozefswiecie.pl\/index.php?rest_route=\/wp\/v2\/posts\/13009\/revisions"}],"predecessor-version":[{"id":13013,"href":"https:\/\/swjozefswiecie.pl\/index.php?rest_route=\/wp\/v2\/posts\/13009\/revisions\/13013"}],"wp:featuredmedia":[{"embeddable":true,"href":"https:\/\/swjozefswiecie.pl\/index.php?rest_route=\/wp\/v2\/media\/13010"}],"wp:attachment":[{"href":"https:\/\/swjozefswiecie.pl\/index.php?rest_route=%2Fwp%2Fv2%2Fmedia&parent=13009"}],"wp:term":[{"taxonomy":"category","embeddable":true,"href":"https:\/\/swjozefswiecie.pl\/index.php?rest_route=%2Fwp%2Fv2%2Fcategories&post=13009"},{"taxonomy":"post_tag","embeddable":true,"href":"https:\/\/swjozefswiecie.pl\/index.php?rest_route=%2Fwp%2Fv2%2Ftags&post=13009"}],"curies":[{"name":"wp","href":"https:\/\/api.w.org\/{rel}","templated":true}]}}