{"id":13040,"date":"2026-08-08T19:54:24","date_gmt":"2026-08-08T17:54:24","guid":{"rendered":"https:\/\/swjozefswiecie.pl\/?p=13040"},"modified":"2026-08-08T19:55:08","modified_gmt":"2026-08-08T17:55:08","slug":"xix-niedziela-zwykla-09-08-2026","status":"publish","type":"post","link":"https:\/\/swjozefswiecie.pl\/?p=13040","title":{"rendered":"XIX Niedziela Zwyk\u0142a (09.08.2026)"},"content":{"rendered":"\n<p>Parafia rzymskokatolicka<\/p>\n\n\n\n<p><strong>pw. \u015bw. J\u00f3zefa<\/strong><\/p>\n\n\n\n<p>86-105\u015awiecie n. Wis\u0142\u0105, Ks. S. Krausego 2<\/p>\n\n\n\n<p>tel: 52 331 32 30<\/p>\n\n\n\n<p>\u2014\u2014\u2014\u2014\u2014\u2014\u2014\u2014\u2014\u2014\u2014\u2014\u2014\u2014\u2014\u2014\u2014\u2014\u2014\u2014\u2014\u2014\u2014\u2014\u2014\u2014\u2014\u2014\u2014\u2014\u2014\u2014\u2014\u2014\u2014\u2014\u2014\u2014\u2014\u2014<\/p>\n\n\n\n<h5 class=\"wp-block-heading\">OG\u0141OSZENIA PARAFIALNE<\/h5>\n\n\n\n<p><strong>9 sierpnia 2026<\/strong><\/p>\n\n\n\n<p><strong>XIX NIEDZIELA ZWYK\u0141A<\/strong><\/p>\n\n\n\n<ol class=\"wp-block-list\">\n<li>Dzi\u0119kujemy wszystkim, kt\u00f3rzy brali udzia\u0142 w apelach pielgrzymkowych w naszej parafii. Dzi\u0119kujemy za dar wsp\u00f3lnej modlitwy.<\/li>\n\n\n\n<li>W czwartek 13 sierpnia na godz. 20:00 zapraszamy na nabo\u017ce\u0144stwo fatimskie i procesj\u0119 ze \u015bwiecami.<\/li>\n\n\n\n<li>W sobot\u0119 15 sierpnia obchodzi\u0107 b\u0119dziemy Uroczysto\u015b\u0107 Wniebowzi\u0119cia Naj\u015bwi\u0119tszej Maryi Panny. Msze \u015bw. odprawiane b\u0119d\u0105 wed\u0142ug porz\u0105dku niedzielnego. Podczas ka\u017cdej Mszy \u015bw. obrz\u0119d b\u0142ogos\u0142awie\u0144stwa k\u0142os\u00f3w zb\u00f3\u017c, zi\u00f3\u0142 i kwiat\u00f3w.<\/li>\n\n\n\n<li>W przysz\u0142\u0105 III niedziel\u0119 miesi\u0105ca kolekta inwestycyjna.<\/li>\n<\/ol>\n","protected":false},"excerpt":{"rendered":"<p>Parafia rzymskokatolicka pw. \u015bw. J\u00f3zefa 86-105\u015awiecie n. Wis\u0142\u0105, Ks. S. Krausego 2 tel: 52 331 32 30 \u2014\u2014\u2014\u2014\u2014\u2014\u2014\u2014\u2014\u2014\u2014\u2014\u2014\u2014\u2014\u2014\u2014\u2014\u2014\u2014\u2014\u2014\u2014\u2014\u2014\u2014\u2014\u2014\u2014\u2014\u2014\u2014\u2014\u2014\u2014\u2014\u2014\u2014\u2014\u2014 OG\u0141OSZENIA PARAFIALNE 9 sierpnia 2026 XIX NIEDZIELA ZWYK\u0141A<\/p>\n","protected":false},"author":2,"featured_media":9300,"comment_status":"closed","ping_status":"closed","sticky":false,"template":"","format":"standard","meta":{"_acf_changed":false,"_price":"","_stock":"","_tribe_ticket_header":"","_tribe_default_ticket_provider":"","_ticket_start_date":"","_ticket_end_date":"","_tribe_ticket_show_description":"","_tribe_ticket_show_not_going":false,"_tribe_ticket_use_global_stock":"","_tribe_ticket_global_stock_level":"","_global_stock_mode":"","_global_stock_cap":"","_tribe_rsvp_for_event":"","_tribe_ticket_going_count":"","_tribe_ticket_not_going_count":"","_tribe_tickets_list":"[]","_tribe_ticket_has_attendee_info_fields":false,"footnotes":""},"categories":[54,47],"tags":[],"class_list":["post-13040","post","type-post","status-publish","format-standard","has-post-thumbnail","hentry","category-aktualnosci","category-ogloszenia-parafialne"],"acf":[],"aioseo_notices":[],"_links":{"self":[{"href":"https:\/\/swjozefswiecie.pl\/index.php?rest_route=\/wp\/v2\/posts\/13040","targetHints":{"allow":["GET"]}}],"collection":[{"href":"https:\/\/swjozefswiecie.pl\/index.php?rest_route=\/wp\/v2\/posts"}],"about":[{"href":"https:\/\/swjozefswiecie.pl\/index.php?rest_route=\/wp\/v2\/types\/post"}],"author":[{"embeddable":true,"href":"https:\/\/swjozefswiecie.pl\/index.php?rest_route=\/wp\/v2\/users\/2"}],"replies":[{"embeddable":true,"href":"https:\/\/swjozefswiecie.pl\/index.php?rest_route=%2Fwp%2Fv2%2Fcomments&post=13040"}],"version-history":[{"count":2,"href":"https:\/\/swjozefswiecie.pl\/index.php?rest_route=\/wp\/v2\/posts\/13040\/revisions"}],"predecessor-version":[{"id":13042,"href":"https:\/\/swjozefswiecie.pl\/index.php?rest_route=\/wp\/v2\/posts\/13040\/revisions\/13042"}],"wp:featuredmedia":[{"embeddable":true,"href":"https:\/\/swjozefswiecie.pl\/index.php?rest_route=\/wp\/v2\/media\/9300"}],"wp:attachment":[{"href":"https:\/\/swjozefswiecie.pl\/index.php?rest_route=%2Fwp%2Fv2%2Fmedia&parent=13040"}],"wp:term":[{"taxonomy":"category","embeddable":true,"href":"https:\/\/swjozefswiecie.pl\/index.php?rest_route=%2Fwp%2Fv2%2Fcategories&post=13040"},{"taxonomy":"post_tag","embeddable":true,"href":"https:\/\/swjozefswiecie.pl\/index.php?rest_route=%2Fwp%2Fv2%2Ftags&post=13040"}],"curies":[{"name":"wp","href":"https:\/\/api.w.org\/{rel}","templated":true}]}}