{"id":13046,"date":"2026-08-12T21:23:51","date_gmt":"2026-08-12T19:23:51","guid":{"rendered":"https:\/\/swjozefswiecie.pl\/?p=13046"},"modified":"2026-08-12T21:25:41","modified_gmt":"2026-08-12T19:25:41","slug":"pielgrzymi-pozdrawiaja-z-czestochowy","status":"publish","type":"post","link":"https:\/\/swjozefswiecie.pl\/?p=13046","title":{"rendered":"Pielgrzymi pozdrawiaj\u0105 z Cz\u0119stochowy"},"content":{"rendered":"\n<figure class=\"wp-block-image size-large\"><img fetchpriority=\"high\" decoding=\"async\" width=\"1024\" height=\"577\" src=\"https:\/\/swjozefswiecie.pl\/wp-content\/uploads\/2026\/08\/IMG_20260812_180711-1024x577.jpg\" alt=\"\" class=\"wp-image-13047\" srcset=\"https:\/\/swjozefswiecie.pl\/wp-content\/uploads\/2026\/08\/IMG_20260812_180711-1024x577.jpg 1024w, https:\/\/swjozefswiecie.pl\/wp-content\/uploads\/2026\/08\/IMG_20260812_180711-300x169.jpg 300w, https:\/\/swjozefswiecie.pl\/wp-content\/uploads\/2026\/08\/IMG_20260812_180711-768x433.jpg 768w, https:\/\/swjozefswiecie.pl\/wp-content\/uploads\/2026\/08\/IMG_20260812_180711-1536x865.jpg 1536w, https:\/\/swjozefswiecie.pl\/wp-content\/uploads\/2026\/08\/IMG_20260812_180711-2048x1154.jpg 2048w\" sizes=\"(max-width: 1024px) 100vw, 1024px\" \/><\/figure>\n\n\n\n<p>Dzisiaj pielgrzymi z grupy \u015awiecie weszli ju\u017c do Cz\u0119stochowy, jutro pok\u0142oni\u0105 si\u0119 Matce Bo\u017cej na Jasnej G\u00f3rze. Pielgrzymi wraz z ks. Piotrem przesy\u0142aj\u0105 serdeczne pozdrowienia.<\/p>\n\n\n\n<figure class=\"wp-block-image size-large\"><img decoding=\"async\" width=\"1024\" height=\"624\" src=\"https:\/\/swjozefswiecie.pl\/wp-content\/uploads\/2026\/08\/1000149912-1024x624.jpg\" alt=\"\" class=\"wp-image-13049\" srcset=\"https:\/\/swjozefswiecie.pl\/wp-content\/uploads\/2026\/08\/1000149912-1024x624.jpg 1024w, https:\/\/swjozefswiecie.pl\/wp-content\/uploads\/2026\/08\/1000149912-300x183.jpg 300w, https:\/\/swjozefswiecie.pl\/wp-content\/uploads\/2026\/08\/1000149912-768x468.jpg 768w, https:\/\/swjozefswiecie.pl\/wp-content\/uploads\/2026\/08\/1000149912-1536x937.jpg 1536w, https:\/\/swjozefswiecie.pl\/wp-content\/uploads\/2026\/08\/1000149912-2048x1249.jpg 2048w\" sizes=\"(max-width: 1024px) 100vw, 1024px\" \/><\/figure>\n","protected":false},"excerpt":{"rendered":"<p>Dzisiaj pielgrzymi z grupy \u015awiecie weszli ju\u017c do Cz\u0119stochowy, jutro pok\u0142oni\u0105 si\u0119 Matce Bo\u017cej na Jasnej G\u00f3rze. Pielgrzymi wraz z ks. Piotrem przesy\u0142aj\u0105 serdeczne pozdrowienia.<\/p>\n","protected":false},"author":2,"featured_media":13047,"comment_status":"closed","ping_status":"closed","sticky":false,"template":"","format":"standard","meta":{"_acf_changed":false,"_price":"","_stock":"","_tribe_ticket_header":"","_tribe_default_ticket_provider":"","_ticket_start_date":"","_ticket_end_date":"","_tribe_ticket_show_description":"","_tribe_ticket_show_not_going":false,"_tribe_ticket_use_global_stock":"","_tribe_ticket_global_stock_level":"","_global_stock_mode":"","_global_stock_cap":"","_tribe_rsvp_for_event":"","_tribe_ticket_going_count":"","_tribe_ticket_not_going_count":"","_tribe_tickets_list":"[]","_tribe_ticket_has_attendee_info_fields":false,"footnotes":""},"categories":[54],"tags":[],"class_list":["post-13046","post","type-post","status-publish","format-standard","has-post-thumbnail","hentry","category-aktualnosci"],"acf":[],"aioseo_notices":[],"_links":{"self":[{"href":"https:\/\/swjozefswiecie.pl\/index.php?rest_route=\/wp\/v2\/posts\/13046","targetHints":{"allow":["GET"]}}],"collection":[{"href":"https:\/\/swjozefswiecie.pl\/index.php?rest_route=\/wp\/v2\/posts"}],"about":[{"href":"https:\/\/swjozefswiecie.pl\/index.php?rest_route=\/wp\/v2\/types\/post"}],"author":[{"embeddable":true,"href":"https:\/\/swjozefswiecie.pl\/index.php?rest_route=\/wp\/v2\/users\/2"}],"replies":[{"embeddable":true,"href":"https:\/\/swjozefswiecie.pl\/index.php?rest_route=%2Fwp%2Fv2%2Fcomments&post=13046"}],"version-history":[{"count":2,"href":"https:\/\/swjozefswiecie.pl\/index.php?rest_route=\/wp\/v2\/posts\/13046\/revisions"}],"predecessor-version":[{"id":13051,"href":"https:\/\/swjozefswiecie.pl\/index.php?rest_route=\/wp\/v2\/posts\/13046\/revisions\/13051"}],"wp:featuredmedia":[{"embeddable":true,"href":"https:\/\/swjozefswiecie.pl\/index.php?rest_route=\/wp\/v2\/media\/13047"}],"wp:attachment":[{"href":"https:\/\/swjozefswiecie.pl\/index.php?rest_route=%2Fwp%2Fv2%2Fmedia&parent=13046"}],"wp:term":[{"taxonomy":"category","embeddable":true,"href":"https:\/\/swjozefswiecie.pl\/index.php?rest_route=%2Fwp%2Fv2%2Fcategories&post=13046"},{"taxonomy":"post_tag","embeddable":true,"href":"https:\/\/swjozefswiecie.pl\/index.php?rest_route=%2Fwp%2Fv2%2Ftags&post=13046"}],"curies":[{"name":"wp","href":"https:\/\/api.w.org\/{rel}","templated":true}]}}