{"id":13052,"date":"2026-08-12T21:30:02","date_gmt":"2026-08-12T19:30:02","guid":{"rendered":"https:\/\/swjozefswiecie.pl\/?p=13052"},"modified":"2026-08-12T21:30:06","modified_gmt":"2026-08-12T19:30:06","slug":"u-tronu-jasnogorskiej-pani-35-piesza-pielgrzymka-diecezji-pelplinskiej-wkracza-na-jasna-gore","status":"publish","type":"post","link":"https:\/\/swjozefswiecie.pl\/?p=13052","title":{"rendered":"U tronu Jasnog\u00f3rskiej Pani. 35. Piesza Pielgrzymka Diecezji Pelpli\u0144skiej wkracza na Jasn\u0105 G\u00f3r\u0119"},"content":{"rendered":"\n<p>Po kilkunastu dniach p\u0105tniczego trudu, 35. Piesza Pielgrzymka Diecezji Pelpli\u0144skiej dotrze jutro przed oblicze Matki Bo\u017cej Cz\u0119stochowskiej. Wej\u015bcie na Jasn\u0105 G\u00f3r\u0119 stanowi zwie\u0144czenie rekolekcji w drodze, b\u0119d\u0105cych nie tylko fizycznym wysi\u0142kiem, ale przede wszystkim przestrzeni\u0105 g\u0142\u0119bokiego nawr\u00f3cenia i \u015bwiadectwem \u017cywej wiary ca\u0142ej wsp\u00f3lnoty.Pielgrzymowanie ukazuje fundamentaln\u0105 prawd\u0119 o Ko\u015bciele w drodze (ecclesia viatorum), kt\u00f3ry nieustannie zmierza ku ostatecznemu celowi. Zanoszone w sercach p\u0105tnik\u00f3w intencje \u2013 zar\u00f3wno te osobiste, jak i dotycz\u0105ce ca\u0142ego Ko\u015bcio\u0142a lokalnego \u2013 zostan\u0105 jutro z\u0142o\u017cone u st\u00f3p Maryi. To moment szczeg\u00f3lnego dzia\u0142ania \u0142aski, w kt\u00f3rym ludzki wysi\u0142ek i modlitwa \u0142\u0105cz\u0105 si\u0119, prosz\u0105c o niezawodne wstawiennictwo Bogarodzicy, Matki Ko\u015bcio\u0142a.Wszyscy diecezjanie, kt\u00f3rzy nie mogli fizycznie wyruszy\u0107 na szlak, s\u0105 zaproszeni do duchowego pielgrzymowania. Pielgrzymka to rzeczywisto\u015b\u0107, kt\u00f3ra wykracza poza fizyczn\u0105 obecno\u015b\u0107, buduj\u0105c jedno\u015b\u0107 modlitewn\u0105 ca\u0142ej diecezji.Radio G\u0142os przygotowa\u0142o bezpo\u015brednie transmisje wideo z jutrzejszych wydarze\u0144, aby umo\u017cliwi\u0107 wiernym w\u0142\u0105czenie si\u0119 w to dzi\u0119kczynienie.Transmisje z Jasnej G\u00f3ry (13 sierpnia):Wej\u015bcie 35. Pieszej Pielgrzymki Diecezji Pelpli\u0144skiej: Do\u0142\u0105cz do modlitwy i ogl\u0105daj transmisj\u0119Uroczysta Msza \u015awi\u0119ta na Jasnej G\u00f3rze: Uczestnicz w liturgiiZach\u0119camy do duchowej \u0142\u0105czno\u015bci z naszymi p\u0105tnikami. Niech to modlitewne czuwanie u tronu Kr\u00f3lowej Polski przyniesie obfite owoce w \u017cyciu ka\u017cdego z nas i ca\u0142ej diecezji pelpli\u0144skiej.<\/p>\n\n\n\n<p><\/p>\n","protected":false},"excerpt":{"rendered":"<p>Po kilkunastu dniach p\u0105tniczego trudu, 35. Piesza Pielgrzymka Diecezji Pelpli\u0144skiej dotrze jutro przed oblicze Matki Bo\u017cej Cz\u0119stochowskiej. Wej\u015bcie na Jasn\u0105 G\u00f3r\u0119 stanowi zwie\u0144czenie rekolekcji w drodze, b\u0119d\u0105cych nie tylko fizycznym wysi\u0142kiem, ale przede wszystkim przestrzeni\u0105 g\u0142\u0119bokiego nawr\u00f3cenia i \u015bwiadectwem \u017cywej wiary ca\u0142ej wsp\u00f3lnoty.Pielgrzymowanie ukazuje fundamentaln\u0105 prawd\u0119 o Ko\u015bciele w drodze (ecclesia viatorum), kt\u00f3ry nieustannie zmierza [&hellip;]<\/p>\n","protected":false},"author":2,"featured_media":13053,"comment_status":"closed","ping_status":"closed","sticky":false,"template":"","format":"standard","meta":{"_acf_changed":false,"_price":"","_stock":"","_tribe_ticket_header":"","_tribe_default_ticket_provider":"","_ticket_start_date":"","_ticket_end_date":"","_tribe_ticket_show_description":"","_tribe_ticket_show_not_going":false,"_tribe_ticket_use_global_stock":"","_tribe_ticket_global_stock_level":"","_global_stock_mode":"","_global_stock_cap":"","_tribe_rsvp_for_event":"","_tribe_ticket_going_count":"","_tribe_ticket_not_going_count":"","_tribe_tickets_list":"[]","_tribe_ticket_has_attendee_info_fields":false,"footnotes":""},"categories":[54],"tags":[],"class_list":["post-13052","post","type-post","status-publish","format-standard","has-post-thumbnail","hentry","category-aktualnosci"],"acf":[],"aioseo_notices":[],"_links":{"self":[{"href":"https:\/\/swjozefswiecie.pl\/index.php?rest_route=\/wp\/v2\/posts\/13052","targetHints":{"allow":["GET"]}}],"collection":[{"href":"https:\/\/swjozefswiecie.pl\/index.php?rest_route=\/wp\/v2\/posts"}],"about":[{"href":"https:\/\/swjozefswiecie.pl\/index.php?rest_route=\/wp\/v2\/types\/post"}],"author":[{"embeddable":true,"href":"https:\/\/swjozefswiecie.pl\/index.php?rest_route=\/wp\/v2\/users\/2"}],"replies":[{"embeddable":true,"href":"https:\/\/swjozefswiecie.pl\/index.php?rest_route=%2Fwp%2Fv2%2Fcomments&post=13052"}],"version-history":[{"count":1,"href":"https:\/\/swjozefswiecie.pl\/index.php?rest_route=\/wp\/v2\/posts\/13052\/revisions"}],"predecessor-version":[{"id":13054,"href":"https:\/\/swjozefswiecie.pl\/index.php?rest_route=\/wp\/v2\/posts\/13052\/revisions\/13054"}],"wp:featuredmedia":[{"embeddable":true,"href":"https:\/\/swjozefswiecie.pl\/index.php?rest_route=\/wp\/v2\/media\/13053"}],"wp:attachment":[{"href":"https:\/\/swjozefswiecie.pl\/index.php?rest_route=%2Fwp%2Fv2%2Fmedia&parent=13052"}],"wp:term":[{"taxonomy":"category","embeddable":true,"href":"https:\/\/swjozefswiecie.pl\/index.php?rest_route=%2Fwp%2Fv2%2Fcategories&post=13052"},{"taxonomy":"post_tag","embeddable":true,"href":"https:\/\/swjozefswiecie.pl\/index.php?rest_route=%2Fwp%2Fv2%2Ftags&post=13052"}],"curies":[{"name":"wp","href":"https:\/\/api.w.org\/{rel}","templated":true}]}}