{"id":13066,"date":"2026-08-14T07:48:00","date_gmt":"2026-08-14T05:48:00","guid":{"rendered":"https:\/\/swjozefswiecie.pl\/?p=13066"},"modified":"2026-08-13T18:53:43","modified_gmt":"2026-08-13T16:53:43","slug":"w-najnowszym-numerze-pielgrzyma-45","status":"publish","type":"post","link":"https:\/\/swjozefswiecie.pl\/?p=13066","title":{"rendered":"W najnowszym numerze &#8220;Pielgrzyma&#8221;"},"content":{"rendered":"\n<figure class=\"wp-block-image aligncenter size-large\"><img fetchpriority=\"high\" decoding=\"async\" width=\"1024\" height=\"627\" src=\"https:\/\/swjozefswiecie.pl\/wp-content\/uploads\/2026\/08\/Pielgrzym123-1024x627.jpg\" alt=\"\" class=\"wp-image-13069\" srcset=\"https:\/\/swjozefswiecie.pl\/wp-content\/uploads\/2026\/08\/Pielgrzym123-1024x627.jpg 1024w, https:\/\/swjozefswiecie.pl\/wp-content\/uploads\/2026\/08\/Pielgrzym123-300x184.jpg 300w, https:\/\/swjozefswiecie.pl\/wp-content\/uploads\/2026\/08\/Pielgrzym123-768x470.jpg 768w, https:\/\/swjozefswiecie.pl\/wp-content\/uploads\/2026\/08\/Pielgrzym123.jpg 1040w\" sizes=\"(max-width: 1024px) 100vw, 1024px\" \/><\/figure>\n\n\n\n<p><strong><em>Zawsze mia\u0142em wielkie szcz\u0119\u015bcie do dobrych ludzi<\/em><\/strong> \u2013to temat najnowszego numeru. <strong>Ks. dr Krzysztof Koch<\/strong>, w rozmowie z <strong>Janin\u0105 Stefanowsk\u0105<\/strong>,dzieli si\u0119 rado\u015bci\u0105 pos\u0142ugi proboszcza.<\/p>\n\n\n\n<p><strong><em>O proboszczach na powa\u017cnie i weso\u0142o<\/em><\/strong> pisze <strong>ks. dr Janusz Chy\u0142a<\/strong>.<\/p>\n\n\n\n<p>O <strong><em>Turcji jako ziemi aposto\u0142\u00f3w<\/em> <\/strong>opowiada <strong>prof. Zofia Pomirska<\/strong>.<\/p>\n\n\n\n<p>Biblista,<strong> ks. dr Wojciech Kardy\u015b <\/strong>pomaga zrozumie\u0107 niedzieln\u0105 Liturgi\u0119 S\u0142owa.<\/p>\n\n\n\n<p><strong>Pan Bogdan Wi\u015bniewski<\/strong> tym razem z artyku\u0142em <strong><em>Z otch\u0142ani kl\u0119ski ku szczytom zwyci\u0119stwa.<\/em><\/strong><\/p>\n\n\n\n<p>Natomiast <strong>ks. Grzegorz Chmieli\u0144ski<\/strong> <strong><em>O kluczowej roli millenials\u00f3w wobec AI<\/em><\/strong>.<\/p>\n\n\n\n<p>O <strong><em>Chojniczanach na toru\u0144skim odcinku<\/em><\/strong> pisze redaktor Katarzyna Cegielska, a <strong>ks. Waldemar Prondzinski<\/strong> pomaga zrozumie\u0107, kto kryje si\u0119 pod terminem \u201eUmi\u0142owany ucze\u0144\u201d. Natomiast o <strong>pierwszym polskim dominikaninie<\/strong> pisze <strong>ks. Dawid Tyborski<\/strong>.<\/p>\n\n\n\n<p><strong><em>Bojownicy o wolno\u015b\u0107 czy najemnicy Stalina? <\/em><\/strong>Z tym pytaniem mierzy si\u0119 dr Jan Hlebowicz.<\/p>\n\n\n\n<p>O <strong><em>Pierwszym \u017cyciowym MBA <\/em><\/strong>humorystycznie opowiada <strong>pani Anna Wardak.<\/strong><\/p>\n\n\n\n<p><strong>Wit Romanowski <\/strong>tym razem o w\u0142a\u015bciwo\u015bciach <strong><em>rumianku<\/em><\/strong>, a <strong>dr hab. Marcin Wirtwein <\/strong>o <strong>konsekwencjach nieleczenia choroby wrzodowej.\u00a0<\/strong><\/p>\n\n\n\n<p><strong><em>Chi\u0144ski, ale ju\u017c japo\u0144ski<\/em><\/strong>\u2013 to tytu\u0142 smakowitego artyku\u0142u <strong>pana S\u0142awka Walkowskiego.<\/strong><\/p>\n\n\n\n<p>Nadto wiele <strong>interesuj\u0105cych informacji <\/strong>z \u017cycia diecezji pelpli\u0144skiej.<\/p>\n","protected":false},"excerpt":{"rendered":"<p>Zawsze mia\u0142em wielkie szcz\u0119\u015bcie do dobrych ludzi \u2013to temat najnowszego numeru. Ks. dr Krzysztof Koch, w rozmowie z Janin\u0105 Stefanowsk\u0105,dzieli si\u0119 rado\u015bci\u0105 pos\u0142ugi proboszcza. O proboszczach na powa\u017cnie i weso\u0142o pisze ks. dr Janusz Chy\u0142a. O Turcji jako ziemi aposto\u0142\u00f3w opowiada prof. Zofia Pomirska. Biblista, ks. dr Wojciech Kardy\u015b pomaga zrozumie\u0107 niedzieln\u0105 Liturgi\u0119 S\u0142owa. Pan [&hellip;]<\/p>\n","protected":false},"author":2,"featured_media":13069,"comment_status":"closed","ping_status":"closed","sticky":false,"template":"","format":"standard","meta":{"_acf_changed":false,"_price":"","_stock":"","_tribe_ticket_header":"","_tribe_default_ticket_provider":"","_ticket_start_date":"","_ticket_end_date":"","_tribe_ticket_show_description":"","_tribe_ticket_show_not_going":false,"_tribe_ticket_use_global_stock":"","_tribe_ticket_global_stock_level":"","_global_stock_mode":"","_global_stock_cap":"","_tribe_rsvp_for_event":"","_tribe_ticket_going_count":"","_tribe_ticket_not_going_count":"","_tribe_tickets_list":"[]","_tribe_ticket_has_attendee_info_fields":false,"footnotes":""},"categories":[54],"tags":[],"class_list":["post-13066","post","type-post","status-publish","format-standard","has-post-thumbnail","hentry","category-aktualnosci"],"acf":[],"aioseo_notices":[],"_links":{"self":[{"href":"https:\/\/swjozefswiecie.pl\/index.php?rest_route=\/wp\/v2\/posts\/13066","targetHints":{"allow":["GET"]}}],"collection":[{"href":"https:\/\/swjozefswiecie.pl\/index.php?rest_route=\/wp\/v2\/posts"}],"about":[{"href":"https:\/\/swjozefswiecie.pl\/index.php?rest_route=\/wp\/v2\/types\/post"}],"author":[{"embeddable":true,"href":"https:\/\/swjozefswiecie.pl\/index.php?rest_route=\/wp\/v2\/users\/2"}],"replies":[{"embeddable":true,"href":"https:\/\/swjozefswiecie.pl\/index.php?rest_route=%2Fwp%2Fv2%2Fcomments&post=13066"}],"version-history":[{"count":1,"href":"https:\/\/swjozefswiecie.pl\/index.php?rest_route=\/wp\/v2\/posts\/13066\/revisions"}],"predecessor-version":[{"id":13070,"href":"https:\/\/swjozefswiecie.pl\/index.php?rest_route=\/wp\/v2\/posts\/13066\/revisions\/13070"}],"wp:featuredmedia":[{"embeddable":true,"href":"https:\/\/swjozefswiecie.pl\/index.php?rest_route=\/wp\/v2\/media\/13069"}],"wp:attachment":[{"href":"https:\/\/swjozefswiecie.pl\/index.php?rest_route=%2Fwp%2Fv2%2Fmedia&parent=13066"}],"wp:term":[{"taxonomy":"category","embeddable":true,"href":"https:\/\/swjozefswiecie.pl\/index.php?rest_route=%2Fwp%2Fv2%2Fcategories&post=13066"},{"taxonomy":"post_tag","embeddable":true,"href":"https:\/\/swjozefswiecie.pl\/index.php?rest_route=%2Fwp%2Fv2%2Ftags&post=13066"}],"curies":[{"name":"wp","href":"https:\/\/api.w.org\/{rel}","templated":true}]}}