{"id":13114,"date":"2026-08-16T12:00:26","date_gmt":"2026-08-16T10:00:26","guid":{"rendered":"https:\/\/swjozefswiecie.pl\/?p=13114"},"modified":"2026-08-16T12:00:29","modified_gmt":"2026-08-16T10:00:29","slug":"xx-niedziela-zwykla-16-08-2026","status":"publish","type":"post","link":"https:\/\/swjozefswiecie.pl\/?p=13114","title":{"rendered":"XX Niedziela Zwyk\u0142a (16.08.2026)"},"content":{"rendered":"\n<p>Parafia rzymskokatolicka<\/p>\n\n\n\n<p><strong>pw. \u015bw. J\u00f3zefa<\/strong><\/p>\n\n\n\n<p>86-105\u015awiecie n. Wis\u0142\u0105, Ks. S. Krausego 2<\/p>\n\n\n\n<p>tel: 52 331 32 30<\/p>\n\n\n\n<p>\u2014\u2014\u2014\u2014\u2014\u2014\u2014\u2014\u2014\u2014\u2014\u2014\u2014\u2014\u2014\u2014\u2014\u2014\u2014\u2014\u2014\u2014\u2014\u2014\u2014\u2014\u2014\u2014\u2014\u2014\u2014\u2014\u2014\u2014\u2014\u2014\u2014\u2014\u2014\u2014<\/p>\n\n\n\n<h5 class=\"wp-block-heading\">OG\u0141OSZENIA PARAFIALNE<\/h5>\n\n\n\n<p><strong>16 sierpnia 2026<\/strong><\/p>\n\n\n\n<p><strong>XX NIEDZIELA ZWYK\u0141A<\/strong><\/p>\n\n\n\n<ol class=\"wp-block-list\">\n<li>B\u00f3g zap\u0142a\u0107 za z\u0142o\u017cone dzisiaj ofiary materialne w ramach kolekty inwestycyjnej.<\/li>\n\n\n\n<li>Od 20 sierpnia w naszej parafii pos\u0142ug\u0119 wikariusza rozpocznie ks. Adam Lamkiewicz.<\/li>\n\n\n\n<li>Jest do nabycia nowy numer \u201cPielgrzyma\u201d<\/li>\n<\/ol>\n","protected":false},"excerpt":{"rendered":"<p>Parafia rzymskokatolicka pw. \u015bw. J\u00f3zefa 86-105\u015awiecie n. Wis\u0142\u0105, Ks. S. Krausego 2 tel: 52 331 32 30 \u2014\u2014\u2014\u2014\u2014\u2014\u2014\u2014\u2014\u2014\u2014\u2014\u2014\u2014\u2014\u2014\u2014\u2014\u2014\u2014\u2014\u2014\u2014\u2014\u2014\u2014\u2014\u2014\u2014\u2014\u2014\u2014\u2014\u2014\u2014\u2014\u2014\u2014\u2014\u2014 OG\u0141OSZENIA PARAFIALNE 16 sierpnia 2026 XX NIEDZIELA ZWYK\u0141A<\/p>\n","protected":false},"author":2,"featured_media":9300,"comment_status":"closed","ping_status":"closed","sticky":false,"template":"","format":"standard","meta":{"_acf_changed":false,"_price":"","_stock":"","_tribe_ticket_header":"","_tribe_default_ticket_provider":"","_ticket_start_date":"","_ticket_end_date":"","_tribe_ticket_show_description":"","_tribe_ticket_show_not_going":false,"_tribe_ticket_use_global_stock":"","_tribe_ticket_global_stock_level":"","_global_stock_mode":"","_global_stock_cap":"","_tribe_rsvp_for_event":"","_tribe_ticket_going_count":"","_tribe_ticket_not_going_count":"","_tribe_tickets_list":"[]","_tribe_ticket_has_attendee_info_fields":false,"footnotes":""},"categories":[54,47],"tags":[],"class_list":["post-13114","post","type-post","status-publish","format-standard","has-post-thumbnail","hentry","category-aktualnosci","category-ogloszenia-parafialne"],"acf":[],"aioseo_notices":[],"_links":{"self":[{"href":"https:\/\/swjozefswiecie.pl\/index.php?rest_route=\/wp\/v2\/posts\/13114","targetHints":{"allow":["GET"]}}],"collection":[{"href":"https:\/\/swjozefswiecie.pl\/index.php?rest_route=\/wp\/v2\/posts"}],"about":[{"href":"https:\/\/swjozefswiecie.pl\/index.php?rest_route=\/wp\/v2\/types\/post"}],"author":[{"embeddable":true,"href":"https:\/\/swjozefswiecie.pl\/index.php?rest_route=\/wp\/v2\/users\/2"}],"replies":[{"embeddable":true,"href":"https:\/\/swjozefswiecie.pl\/index.php?rest_route=%2Fwp%2Fv2%2Fcomments&post=13114"}],"version-history":[{"count":1,"href":"https:\/\/swjozefswiecie.pl\/index.php?rest_route=\/wp\/v2\/posts\/13114\/revisions"}],"predecessor-version":[{"id":13115,"href":"https:\/\/swjozefswiecie.pl\/index.php?rest_route=\/wp\/v2\/posts\/13114\/revisions\/13115"}],"wp:featuredmedia":[{"embeddable":true,"href":"https:\/\/swjozefswiecie.pl\/index.php?rest_route=\/wp\/v2\/media\/9300"}],"wp:attachment":[{"href":"https:\/\/swjozefswiecie.pl\/index.php?rest_route=%2Fwp%2Fv2%2Fmedia&parent=13114"}],"wp:term":[{"taxonomy":"category","embeddable":true,"href":"https:\/\/swjozefswiecie.pl\/index.php?rest_route=%2Fwp%2Fv2%2Fcategories&post=13114"},{"taxonomy":"post_tag","embeddable":true,"href":"https:\/\/swjozefswiecie.pl\/index.php?rest_route=%2Fwp%2Fv2%2Ftags&post=13114"}],"curies":[{"name":"wp","href":"https:\/\/api.w.org\/{rel}","templated":true}]}}