{"id":13117,"date":"2026-08-17T09:50:31","date_gmt":"2026-08-17T07:50:31","guid":{"rendered":"https:\/\/swjozefswiecie.pl\/?p=13117"},"modified":"2026-08-17T09:52:36","modified_gmt":"2026-08-17T07:52:36","slug":"swieto-matki-bozej-zielnej","status":"publish","type":"post","link":"https:\/\/swjozefswiecie.pl\/?p=13117","title":{"rendered":"\u015awi\u0119to Matki Bo\u017cej Zielnej"},"content":{"rendered":"\n<figure class=\"wp-block-image aligncenter size-full\"><img fetchpriority=\"high\" decoding=\"async\" width=\"900\" height=\"495\" src=\"https:\/\/swjozefswiecie.pl\/wp-content\/uploads\/2026\/08\/zielna.webp\" alt=\"\" class=\"wp-image-13118\" srcset=\"https:\/\/swjozefswiecie.pl\/wp-content\/uploads\/2026\/08\/zielna.webp 900w, https:\/\/swjozefswiecie.pl\/wp-content\/uploads\/2026\/08\/zielna-300x165.webp 300w, https:\/\/swjozefswiecie.pl\/wp-content\/uploads\/2026\/08\/zielna-768x422.webp 768w\" sizes=\"(max-width: 900px) 100vw, 900px\" \/><\/figure>\n\n\n\n<p>W sobot\u0119, 15 sierpnia prze\u017cywali\u015bmy jedn\u0105 z najpi\u0119kniejszych uroczysto\u015bci maryjnych. Ko\u015bci\u00f3\u0142 wyznaje, \u017ce Maryja po zako\u0144czeniu ziemskiego \u017cycia zosta\u0142a z cia\u0142em i dusz\u0105 wzi\u0119ta do chwa\u0142y nieba. <\/p>\n\n\n\n<p>W Polsce 15 sierpnia od pokole\u0144 nazywany jest r\u00f3wnie\u017c \u015bwi\u0119tem <strong>Matki Bo\u017cej Zielnej<\/strong>. Wed\u0142ug dawnej chrze\u015bcija\u0144skiej tradycji przy grobie Maryi mia\u0142y pojawi\u0107 si\u0119 kwiaty i wonne zio\u0142a. Z tym przekazem zwi\u0105za\u0142 si\u0119 zwyczaj przynoszenia do ko\u015bcio\u0142\u00f3w bukiet\u00f3w z kwiat\u00f3w, zi\u00f3\u0142, zb\u00f3\u017c i owoc\u00f3w ziemi. Nie traktujemy tej opowie\u015bci jako historycznego dowodu Wniebowzi\u0119cia, ale jako pi\u0119kny znak wiary, kt\u00f3ry przez wieki zakorzeni\u0142 si\u0119 tak\u017ce w polskiej pobo\u017cno\u015bci. (<a href=\"https:\/\/episkopat.pl\/doc\/178973.rzecznik-kep-polska-wyroznia-sie-maryjnoscia-i-pielgrzymowaniem-w-skali-swiatowej?utm_source=chatgpt.com\">episkopat.pl<\/a>\u2060)<\/p>\n\n\n\n<p>Przynosz\u0105c tego dnia plony, dzi\u0119kujemy Bogu za ziemi\u0119, prac\u0119 ludzkich r\u0105k i wszystko, czym zostali\u015bmy obdarowani.<\/p>\n\n\n\n<p>Maryja wzi\u0119ta do nieba przypomina nam jednak o czym\u015b jeszcze wi\u0119kszym: <strong>celem cz\u0142owieka nie jest gr\u00f3b. B\u00f3g stworzy\u0142 nas do \u017cycia, kt\u00f3re si\u0119 nie ko\u0144czy.<\/strong><\/p>\n","protected":false},"excerpt":{"rendered":"<p>W sobot\u0119, 15 sierpnia prze\u017cywali\u015bmy jedn\u0105 z najpi\u0119kniejszych uroczysto\u015bci maryjnych. Ko\u015bci\u00f3\u0142 wyznaje, \u017ce Maryja po zako\u0144czeniu ziemskiego \u017cycia zosta\u0142a z cia\u0142em i dusz\u0105 wzi\u0119ta do chwa\u0142y nieba. W Polsce 15 sierpnia od pokole\u0144 nazywany jest r\u00f3wnie\u017c \u015bwi\u0119tem Matki Bo\u017cej Zielnej. Wed\u0142ug dawnej chrze\u015bcija\u0144skiej tradycji przy grobie Maryi mia\u0142y pojawi\u0107 si\u0119 kwiaty i wonne zio\u0142a. Z [&hellip;]<\/p>\n","protected":false},"author":2,"featured_media":13118,"comment_status":"closed","ping_status":"closed","sticky":false,"template":"","format":"standard","meta":{"_acf_changed":false,"_price":"","_stock":"","_tribe_ticket_header":"","_tribe_default_ticket_provider":"","_ticket_start_date":"","_ticket_end_date":"","_tribe_ticket_show_description":"","_tribe_ticket_show_not_going":false,"_tribe_ticket_use_global_stock":"","_tribe_ticket_global_stock_level":"","_global_stock_mode":"","_global_stock_cap":"","_tribe_rsvp_for_event":"","_tribe_ticket_going_count":"","_tribe_ticket_not_going_count":"","_tribe_tickets_list":"[]","_tribe_ticket_has_attendee_info_fields":false,"footnotes":""},"categories":[54],"tags":[],"class_list":["post-13117","post","type-post","status-publish","format-standard","has-post-thumbnail","hentry","category-aktualnosci"],"acf":[],"aioseo_notices":[],"_links":{"self":[{"href":"https:\/\/swjozefswiecie.pl\/index.php?rest_route=\/wp\/v2\/posts\/13117","targetHints":{"allow":["GET"]}}],"collection":[{"href":"https:\/\/swjozefswiecie.pl\/index.php?rest_route=\/wp\/v2\/posts"}],"about":[{"href":"https:\/\/swjozefswiecie.pl\/index.php?rest_route=\/wp\/v2\/types\/post"}],"author":[{"embeddable":true,"href":"https:\/\/swjozefswiecie.pl\/index.php?rest_route=\/wp\/v2\/users\/2"}],"replies":[{"embeddable":true,"href":"https:\/\/swjozefswiecie.pl\/index.php?rest_route=%2Fwp%2Fv2%2Fcomments&post=13117"}],"version-history":[{"count":1,"href":"https:\/\/swjozefswiecie.pl\/index.php?rest_route=\/wp\/v2\/posts\/13117\/revisions"}],"predecessor-version":[{"id":13119,"href":"https:\/\/swjozefswiecie.pl\/index.php?rest_route=\/wp\/v2\/posts\/13117\/revisions\/13119"}],"wp:featuredmedia":[{"embeddable":true,"href":"https:\/\/swjozefswiecie.pl\/index.php?rest_route=\/wp\/v2\/media\/13118"}],"wp:attachment":[{"href":"https:\/\/swjozefswiecie.pl\/index.php?rest_route=%2Fwp%2Fv2%2Fmedia&parent=13117"}],"wp:term":[{"taxonomy":"category","embeddable":true,"href":"https:\/\/swjozefswiecie.pl\/index.php?rest_route=%2Fwp%2Fv2%2Fcategories&post=13117"},{"taxonomy":"post_tag","embeddable":true,"href":"https:\/\/swjozefswiecie.pl\/index.php?rest_route=%2Fwp%2Fv2%2Ftags&post=13117"}],"curies":[{"name":"wp","href":"https:\/\/api.w.org\/{rel}","templated":true}]}}