{"id":13120,"date":"2026-08-20T06:05:00","date_gmt":"2026-08-20T04:05:00","guid":{"rendered":"https:\/\/swjozefswiecie.pl\/?p=13120"},"modified":"2026-08-17T10:08:45","modified_gmt":"2026-08-17T08:08:45","slug":"ks-adam-lamkiewicz-nowy-wikariusz-w-parafii-sw-jozefa-w-swieciu","status":"publish","type":"post","link":"https:\/\/swjozefswiecie.pl\/?p=13120","title":{"rendered":"ks. Adam Lamkiewicz, nowy wikariusz w parafii \u015bw. J\u00f3zefa w \u015awieciu"},"content":{"rendered":"\n<figure class=\"wp-block-image aligncenter size-large\"><img fetchpriority=\"high\" decoding=\"async\" width=\"1024\" height=\"682\" src=\"https:\/\/swjozefswiecie.pl\/wp-content\/uploads\/2026\/08\/64eb09c8c5e2a_o_xlarge-1024x682.jpg\" alt=\"\" class=\"wp-image-13121\" srcset=\"https:\/\/swjozefswiecie.pl\/wp-content\/uploads\/2026\/08\/64eb09c8c5e2a_o_xlarge-1024x682.jpg 1024w, https:\/\/swjozefswiecie.pl\/wp-content\/uploads\/2026\/08\/64eb09c8c5e2a_o_xlarge-300x200.jpg 300w, https:\/\/swjozefswiecie.pl\/wp-content\/uploads\/2026\/08\/64eb09c8c5e2a_o_xlarge-768x511.jpg 768w, https:\/\/swjozefswiecie.pl\/wp-content\/uploads\/2026\/08\/64eb09c8c5e2a_o_xlarge.jpg 1280w\" sizes=\"(max-width: 1024px) 100vw, 1024px\" \/><\/figure>\n\n\n\n<p>Od dnia dzisiejszego (20 sierpnia) pos\u0142ug\u0119 wikariusza w naszej parafii b\u0119dzie pe\u0142ni\u0142 ks. mgr Adam Lamkiewicz. Ks. Adam poprzednio pe\u0142ni\u0142 urz\u0105d wikariusza w parafii pw. \u015bw. Ottona w Kostkowie. <\/p>\n\n\n\n<p>Ksi\u0119dzu Adamowi \u017cyczymy wielu Bo\u017cych \u0142ask.<\/p>\n","protected":false},"excerpt":{"rendered":"<p>Od dnia dzisiejszego (20 sierpnia) pos\u0142ug\u0119 wikariusza w naszej parafii b\u0119dzie pe\u0142ni\u0142 ks. mgr Adam Lamkiewicz. Ks. Adam poprzednio pe\u0142ni\u0142 urz\u0105d wikariusza w parafii pw. \u015bw. Ottona w Kostkowie. Ksi\u0119dzu Adamowi \u017cyczymy wielu Bo\u017cych \u0142ask.<\/p>\n","protected":false},"author":2,"featured_media":13121,"comment_status":"closed","ping_status":"closed","sticky":false,"template":"","format":"standard","meta":{"_acf_changed":false,"_price":"","_stock":"","_tribe_ticket_header":"","_tribe_default_ticket_provider":"","_ticket_start_date":"","_ticket_end_date":"","_tribe_ticket_show_description":"","_tribe_ticket_show_not_going":false,"_tribe_ticket_use_global_stock":"","_tribe_ticket_global_stock_level":"","_global_stock_mode":"","_global_stock_cap":"","_tribe_rsvp_for_event":"","_tribe_ticket_going_count":"","_tribe_ticket_not_going_count":"","_tribe_tickets_list":"[]","_tribe_ticket_has_attendee_info_fields":false,"footnotes":""},"categories":[54],"tags":[],"class_list":["post-13120","post","type-post","status-publish","format-standard","has-post-thumbnail","hentry","category-aktualnosci"],"acf":[],"aioseo_notices":[],"_links":{"self":[{"href":"https:\/\/swjozefswiecie.pl\/index.php?rest_route=\/wp\/v2\/posts\/13120","targetHints":{"allow":["GET"]}}],"collection":[{"href":"https:\/\/swjozefswiecie.pl\/index.php?rest_route=\/wp\/v2\/posts"}],"about":[{"href":"https:\/\/swjozefswiecie.pl\/index.php?rest_route=\/wp\/v2\/types\/post"}],"author":[{"embeddable":true,"href":"https:\/\/swjozefswiecie.pl\/index.php?rest_route=\/wp\/v2\/users\/2"}],"replies":[{"embeddable":true,"href":"https:\/\/swjozefswiecie.pl\/index.php?rest_route=%2Fwp%2Fv2%2Fcomments&post=13120"}],"version-history":[{"count":1,"href":"https:\/\/swjozefswiecie.pl\/index.php?rest_route=\/wp\/v2\/posts\/13120\/revisions"}],"predecessor-version":[{"id":13122,"href":"https:\/\/swjozefswiecie.pl\/index.php?rest_route=\/wp\/v2\/posts\/13120\/revisions\/13122"}],"wp:featuredmedia":[{"embeddable":true,"href":"https:\/\/swjozefswiecie.pl\/index.php?rest_route=\/wp\/v2\/media\/13121"}],"wp:attachment":[{"href":"https:\/\/swjozefswiecie.pl\/index.php?rest_route=%2Fwp%2Fv2%2Fmedia&parent=13120"}],"wp:term":[{"taxonomy":"category","embeddable":true,"href":"https:\/\/swjozefswiecie.pl\/index.php?rest_route=%2Fwp%2Fv2%2Fcategories&post=13120"},{"taxonomy":"post_tag","embeddable":true,"href":"https:\/\/swjozefswiecie.pl\/index.php?rest_route=%2Fwp%2Fv2%2Ftags&post=13120"}],"curies":[{"name":"wp","href":"https:\/\/api.w.org\/{rel}","templated":true}]}}